{"id":122705,"date":"2024-11-13T15:46:04","date_gmt":"2024-11-13T18:46:04","guid":{"rendered":"https:\/\/www.actualidadadiario.com\/?p=122705"},"modified":"2024-11-13T15:46:04","modified_gmt":"2024-11-13T18:46:04","slug":"scaloni-en-conferencia-de-prensa-antes-del-partido-con-paraguay-tengo-algunas-dudas-con-el-equipo","status":"publish","type":"post","link":"https:\/\/www.actualidadadiario.com\/index.php\/2024\/11\/13\/scaloni-en-conferencia-de-prensa-antes-del-partido-con-paraguay-tengo-algunas-dudas-con-el-equipo\/","title":{"rendered":"Scaloni en conferencia de prensa antes del partido con Paraguay: \u201cTengo algunas dudas con el equipo\u201d"},"content":{"rendered":"<p style=\"text-align: center;\"><em><strong>El entrenador de la Selecci\u00f3n Argentina habl\u00f3 en la previa del partido con Paraguay. Se refiri\u00f3 al equipo que parar\u00e1, la pol\u00e9mica de Spreen en la Liga Profesional y m\u00e1s<\/strong><\/em><\/p>\n<p>&nbsp;<\/p>\n<p>&nbsp;<\/p>\n<p>En la antesala del partido de la Selecci\u00f3n Argentina frente a Paraguay por la fecha 11 de las Eliminatorias Sudamericanas, Lionel Scaloni habl\u00f3 en conferencia de prensa donde se refiri\u00f3 a diferentes temas.<\/p>\n<p>En primer lugar, el entrenador campe\u00f3n del mundo se refiri\u00f3 al equipo que pondr\u00e1 en su visita a Asunci\u00f3n asegurando que a\u00fan no tiene el equipo definido, pero que ser\u00e1 muy similar al \u00faltimo triunfo 6-0 sobre Bolivia.<\/p>\n<p>Luego el nacido en Pujato fue consultado sobre una de las grandes tem\u00e1ticas en el f\u00fatbol argentino: el pol\u00e9mico debut del streamer Spreen en el empate 1-1 entre Deportivo Riestra y V\u00e9lez por la fecha 22 de la Liga Profesional.<\/p>\n<p>Por otro lado, en torno a otra de las pol\u00e9micas en la liga local, el DT fue consultado sobre la cantidad de equipos que habr\u00e1 en la Primera Divisi\u00f3n a partir de la pr\u00f3xima temporada, a lo que decidi\u00f3 dar una terminante respuesta.<\/p>\n<p>\u201cA la Selecci\u00f3n Argentina no le afecta, ni para bien ni para mal, la cantidad de equipos que haya en la Primera del f\u00fatbol argentino. Yo no soy el indicado para hablar, me estar\u00eda metiendo en un terreno que no es m\u00edo\u201d, asegur\u00f3.<\/p>\n<p>Volviendo a referirse a temas en torno al seleccionado argentino, Scaloni habl\u00f3 de dos jugadores puntualmente: Leandro Paredes y Facundo Medina. Sobre el ex Boca asegur\u00f3 que no hablaron de su presente, pero de que s\u00ed es importante encontrar continuidad.<\/p>\n<p>Respecto a Medina, que fue convocado de urgencia para reemplazar a Lisandro Mart\u00ednez que fue desafectado por lesi\u00f3n, el t\u00e9cnico argentino detall\u00f3 que \u201cFacundo se sac\u00f3 el pasaje solo de las ganas que ten\u00eda, es algo valorable, \u00e9l no formaba parte de la lista e hizo todo, fue a hablar con el entrenador suyo sac\u00f3 el pasaje y aqu\u00ed est\u00e1 con nosotros\u201d.<\/p>\n<p>Por \u00faltimo, el entrenador bicampe\u00f3n de Am\u00e9rica se refiri\u00f3 a la pol\u00e9mica decisi\u00f3n que tomaron en Paraguay en no permitir el ingreso de hinchas con la camiseta de la Selecci\u00f3n Argentina al Defensores del Chaco para el duelo del pr\u00f3ximo jueves.<\/p>\n<p>&nbsp;<\/p>\n<p><strong>El probable once de la Selecci\u00f3n vs. Paraguay<\/strong><\/p>\n<p>Si bien Scaloni no confirm\u00f3 el equipo para la pr\u00f3xima presentaci\u00f3n del seleccionado argentino, s\u00ed asegur\u00f3 que ser\u00eda un once muy similar al que enfrent\u00f3 a Bolivia en el \u00faltimo partido que termin\u00f3 en triunfo 6-0 en el Monumental.<\/p>\n<p>En ese contexto, con algunos retornos y otras ausencias, este podr\u00eda ser el equipo para enfrentar al combinado guaran\u00ed: Emiliano Mart\u00ednez, Nahuel Molina, Cristian Romero, Nicol\u00e1s Otamendi, Nicol\u00e1s Tagliafico; Rodrigo De Paul, Alexis Mac Allister, Leandro Paredes, Juli\u00e1n \u00c1lvarez, Lisandro Mart\u00ednez y Lionel Messi.<\/p>\n","protected":false},"excerpt":{"rendered":"<p>El entrenador de la Selecci\u00f3n Argentina habl\u00f3 en la previa del partido con Paraguay. Se refiri\u00f3 al equipo que parar\u00e1, la pol\u00e9mica de Spreen en la Liga Profesional y m\u00e1s &nbsp; &nbsp; En la antesala del partido de la Selecci\u00f3n Argentina frente a Paraguay por la fecha 11 de las Eliminatorias Sudamericanas, Lionel Scaloni habl\u00f3 en conferencia de prensa donde se refiri\u00f3 a diferentes temas. En primer lugar, el entrenador campe\u00f3n del mundo se refiri\u00f3 al equipo que pondr\u00e1 en su visita a Asunci\u00f3n asegurando que a\u00fan no tiene el&#8230;<\/p>\n","protected":false},"author":3,"featured_media":122706,"comment_status":"closed","ping_status":"closed","sticky":false,"template":"","format":"standard","meta":[],"categories":[4],"tags":[],"_links":{"self":[{"href":"https:\/\/www.actualidadadiario.com\/index.php\/wp-json\/wp\/v2\/posts\/122705"}],"collection":[{"href":"https:\/\/www.actualidadadiario.com\/index.php\/wp-json\/wp\/v2\/posts"}],"about":[{"href":"https:\/\/www.actualidadadiario.com\/index.php\/wp-json\/wp\/v2\/types\/post"}],"author":[{"embeddable":true,"href":"https:\/\/www.actualidadadiario.com\/index.php\/wp-json\/wp\/v2\/users\/3"}],"replies":[{"embeddable":true,"href":"https:\/\/www.actualidadadiario.com\/index.php\/wp-json\/wp\/v2\/comments?post=122705"}],"version-history":[{"count":1,"href":"https:\/\/www.actualidadadiario.com\/index.php\/wp-json\/wp\/v2\/posts\/122705\/revisions"}],"predecessor-version":[{"id":122707,"href":"https:\/\/www.actualidadadiario.com\/index.php\/wp-json\/wp\/v2\/posts\/122705\/revisions\/122707"}],"wp:featuredmedia":[{"embeddable":true,"href":"https:\/\/www.actualidadadiario.com\/index.php\/wp-json\/wp\/v2\/media\/122706"}],"wp:attachment":[{"href":"https:\/\/www.actualidadadiario.com\/index.php\/wp-json\/wp\/v2\/media?parent=122705"}],"wp:term":[{"taxonomy":"category","embeddable":true,"href":"https:\/\/www.actualidadadiario.com\/index.php\/wp-json\/wp\/v2\/categories?post=122705"},{"taxonomy":"post_tag","embeddable":true,"href":"https:\/\/www.actualidadadiario.com\/index.php\/wp-json\/wp\/v2\/tags?post=122705"}],"curies":[{"name":"wp","href":"https:\/\/api.w.org\/{rel}","templated":true}]}}