{"id":122699,"date":"2024-11-13T15:40:05","date_gmt":"2024-11-13T18:40:05","guid":{"rendered":"https:\/\/www.actualidadadiario.com\/?p=122699"},"modified":"2024-11-13T15:40:05","modified_gmt":"2024-11-13T18:40:05","slug":"alerta-roja-en-espana-por-la-nueva-dana-hospitales-inundados-y-carreteras-cortadas","status":"publish","type":"post","link":"https:\/\/www.actualidadadiario.com\/index.php\/2024\/11\/13\/alerta-roja-en-espana-por-la-nueva-dana-hospitales-inundados-y-carreteras-cortadas\/","title":{"rendered":"Alerta roja en Espa\u00f1a por la nueva DANA: hospitales inundados y carreteras cortadas"},"content":{"rendered":"<p style=\"text-align: center;\"><em><strong>Los puntos m\u00e1s cr\u00edticos se sit\u00faan en la provincia andaluza de M\u00e1laga y en la catalana de Tarragona<\/strong><\/em><\/p>\n<p>&nbsp;<\/p>\n<p>&nbsp;<\/p>\n<p>M\u00e1laga, en Andaluc\u00eda, y el sur de la provincia catalana de Tarragona, se encuentran este mi\u00e9rcoles en alerta roja ante la llegada de la nueva DANA que atraviesa Espa\u00f1a, despu\u00e9s de la que hace dos semanas caus\u00f3 m\u00e1s de 200 muertos en la provincia de Valencia.<\/p>\n<p>En la ciudad andaluza de M\u00e1laga ya se han producido intensas lluvias que han inundado calles y algunas zonas del Hospital Cl\u00ednico, mientras que en Tarragona se encuentran afectadas varias carreteras, como la autov\u00eda A-7, que conecta todo el litoral mediterr\u00e1neo espa\u00f1ol.<\/p>\n<p>La Generalitat catalana ha decretado restricciones a la movilidad y la suspensi\u00f3n de clases y actividades deportivas en cinco comarcas del sur tarraconense: Baix Camp, Baix Ebre, Montsi\u00e0, Ribera d&#8217;Ebre y Tarragon\u00e8s.<\/p>\n<p>&nbsp;<\/p>\n<p><strong>M\u00e1laga<\/strong><\/p>\n<p>El aviso rojo en M\u00e1laga se mantendr\u00e1 hasta la medianoche, seg\u00fan la \u00faltima previsi\u00f3n de la Agencia Espa\u00f1ola de Meteorolog\u00eda (Aemet). All\u00ed el Ayuntamiento ha suspendido el servicio de autobuses urbanos municipales.<\/p>\n<p>En esa misma ciudad, al menos 3.000 personas fueron desalojadas por su cercan\u00eda a la ribera del r\u00edo Guadalhorce. Asimismo, se ha suspendido el tren de alta velocidad que la conecta con Madrid, seg\u00fan ha confirmado el ministro de Transportes, \u00d3scar Puente.<\/p>\n<p>Hasta las 17:00 horas, la red Hidrosur, dependiente de la Junta de Andaluc\u00eda, ha registrado 144,5 litros por metro cuadrado en Sant\u00f3n Pitar, situado en Los Montes de M\u00e1laga, y casi lo mismo en Alfarnatejo.<\/p>\n<p>M\u00e1s temprano, el alcalde de M\u00e1laga, el conservador Paco De la Torre, asever\u00f3 que si bien su administraci\u00f3n ha tomado previsiones, no ve\u00eda &#8220;motivos en la ciudad&#8221; para que hubiese alarma ante la llegada de la DANA.<\/p>\n<p>&#8220;La ciudad de M\u00e1laga, con el Guadalmedina, no tiene problema. Todos los efectivos est\u00e1n disponibles para atender la ciudad&#8221;, recalc\u00f3. Sus declaraciones han salido nuevamente a colaci\u00f3n por parte de usuarios de redes sociales, que han compartido los estragos provocados por las intensas lluvias.<\/p>\n<p>&nbsp;<\/p>\n<p><strong>Otras zonas<\/strong><\/p>\n<p>Otras zonas de Catalu\u00f1a, la Comunidad Valenciana y de Andaluc\u00eda se encuentran bajo aviso naranja por lluvia.<\/p>\n<p>El Gobierno regional valenciano ha restringido hasta la jornada de ma\u00f1ana el tr\u00e1fico privado en los municipios ubicados en la zona cero de la tragedia de hace dos semanas.<\/p>\n<p>Adem\u00e1s, el Ayuntamiento de la ciudad de Valencia ha suspendido la actividad en todos los centros educativos durante esta jornada y decretado el cierre de las instalaciones deportivas al aire libre, as\u00ed como de parques y jardines.<\/p>\n<p>La Aemet ha expresado su preocupaci\u00f3n por la presencia de una tormenta de origen mar\u00edtimo que est\u00e1 tocando tierra en la comarca valenciana de Baix Maestrat. &#8220;La intensidad puede ser muy fuerte&#8221;, alert\u00f3, tras insistir en que las lluvias torrenciales pueden arrojar m\u00e1s de 60 litros por metro cuadrado en menos de una hora.<\/p>\n<p>Asimismo, otras cuatro comunidades aut\u00f3nomas permanecen bajo alerta amarilla (la m\u00e1s leve, en un sistema de tres niveles) por lluvia, tormentas, nieve o mala mar: Asturias, Castilla y Le\u00f3n, Galicia y Murcia.<\/p>\n","protected":false},"excerpt":{"rendered":"<p>Los puntos m\u00e1s cr\u00edticos se sit\u00faan en la provincia andaluza de M\u00e1laga y en la catalana de Tarragona &nbsp; &nbsp; M\u00e1laga, en Andaluc\u00eda, y el sur de la provincia catalana de Tarragona, se encuentran este mi\u00e9rcoles en alerta roja ante la llegada de la nueva DANA que atraviesa Espa\u00f1a, despu\u00e9s de la que hace dos semanas caus\u00f3 m\u00e1s de 200 muertos en la provincia de Valencia. En la ciudad andaluza de M\u00e1laga ya se han producido intensas lluvias que han inundado calles y algunas zonas del Hospital Cl\u00ednico, mientras que&#8230;<\/p>\n","protected":false},"author":3,"featured_media":122700,"comment_status":"closed","ping_status":"closed","sticky":false,"template":"","format":"standard","meta":[],"categories":[4],"tags":[],"_links":{"self":[{"href":"https:\/\/www.actualidadadiario.com\/index.php\/wp-json\/wp\/v2\/posts\/122699"}],"collection":[{"href":"https:\/\/www.actualidadadiario.com\/index.php\/wp-json\/wp\/v2\/posts"}],"about":[{"href":"https:\/\/www.actualidadadiario.com\/index.php\/wp-json\/wp\/v2\/types\/post"}],"author":[{"embeddable":true,"href":"https:\/\/www.actualidadadiario.com\/index.php\/wp-json\/wp\/v2\/users\/3"}],"replies":[{"embeddable":true,"href":"https:\/\/www.actualidadadiario.com\/index.php\/wp-json\/wp\/v2\/comments?post=122699"}],"version-history":[{"count":1,"href":"https:\/\/www.actualidadadiario.com\/index.php\/wp-json\/wp\/v2\/posts\/122699\/revisions"}],"predecessor-version":[{"id":122701,"href":"https:\/\/www.actualidadadiario.com\/index.php\/wp-json\/wp\/v2\/posts\/122699\/revisions\/122701"}],"wp:featuredmedia":[{"embeddable":true,"href":"https:\/\/www.actualidadadiario.com\/index.php\/wp-json\/wp\/v2\/media\/122700"}],"wp:attachment":[{"href":"https:\/\/www.actualidadadiario.com\/index.php\/wp-json\/wp\/v2\/media?parent=122699"}],"wp:term":[{"taxonomy":"category","embeddable":true,"href":"https:\/\/www.actualidadadiario.com\/index.php\/wp-json\/wp\/v2\/categories?post=122699"},{"taxonomy":"post_tag","embeddable":true,"href":"https:\/\/www.actualidadadiario.com\/index.php\/wp-json\/wp\/v2\/tags?post=122699"}],"curies":[{"name":"wp","href":"https:\/\/api.w.org\/{rel}","templated":true}]}}