{"id":122693,"date":"2024-11-13T15:37:48","date_gmt":"2024-11-13T18:37:48","guid":{"rendered":"https:\/\/www.actualidadadiario.com\/?p=122693"},"modified":"2024-11-13T15:37:48","modified_gmt":"2024-11-13T18:37:48","slug":"pepe-mujica-saldra-a-las-calles-para-apoyar-la-candidatura-de-yamandu-orsi","status":"publish","type":"post","link":"https:\/\/www.actualidadadiario.com\/index.php\/2024\/11\/13\/pepe-mujica-saldra-a-las-calles-para-apoyar-la-candidatura-de-yamandu-orsi\/","title":{"rendered":"Pepe Mujica saldr\u00e1 a las calles para apoyar la candidatura de Yamand\u00fa Orsi"},"content":{"rendered":"<p style=\"text-align: center;\"><em><strong>Pese a su enfermedad, el expresidente de Uruguay Jos\u00e9 \u201cPepe\u201d Mujica se sumar\u00e1 al \u00faltimo tramo de la campa\u00f1a del candidato a la presidencia del pa\u00eds por el opositor Frente Amplio (FA), Yamand\u00fa Orsi, en la que recorrer\u00e1 los departamentos de Montevideo y Canelones a 12 d\u00edas del balotaje<\/strong><\/em><\/p>\n<p>&nbsp;<\/p>\n<p>&nbsp;<\/p>\n<p>\u201cEn plena recuperaci\u00f3n y con un gran esfuerzo personal, de su familia y equipo, el expresidente Jos\u00e9 Mujica y l\u00edder del Espacio 609, comienza el s\u00e1bado una intensa agenda por Montevideo y Canelones\u201d, indic\u00f3 un comunicado emitido por el Movimiento de Participaci\u00f3n Popular que lidera el exmandatario. As\u00ed, Mujica saldr\u00e1 a las calles a militar, en medio de la recuperaci\u00f3n de un c\u00e1ncer de es\u00f3fago que lo afecta hace m\u00e1s de siete meses y que le ha impedido participar de manera m\u00e1s activa de la campa\u00f1a del FA que tiene como objetivo la vuelta de la oposici\u00f3n al gobierno.<\/p>\n<p>El comunicado a\u00f1ade que Mujica comenzar\u00e1 con su actividad en la tarde de este s\u00e1bado con una recorrida por Canelones (sur), y continuar\u00e1 el domingo con una mateada por diferentes zonas del departamento que le permitir\u00e1 charlar con los vecinos de la zona. \u201cLa enfermedad no ha sido un impedimento para que el expresidente salga a la cancha en esta \u00faltima etapa\u201d, a\u00f1adi\u00f3 el documento.<\/p>\n<p>El lunes 18 por la tarde, Mujica estar\u00e1 en un bar de Montevideo junto a la senadora electa y periodista Blanca Rodr\u00edguez. Se espera la participaci\u00f3n del propio candidato a presidente Yamand\u00fa Orsi, en una jornada que refuerza la cercan\u00eda del FA con la ciudadan\u00eda y su apuesta por una conexi\u00f3n directa. La gira culminar\u00e1 al d\u00eda siguiente en el Club Cerveceros, donde Mujica compartir\u00e1 escenario con figuras como Luis Insaurralde, secretario general de Cambadu (Centro de Almaceneros Minoristas, Baristas, Autoservicistas y Afines del Uruguay), y el dirigente sindical Richard Read, en un evento que promete ser un cierre movilizador para esta fase de la campa\u00f1a.<\/p>\n<p>En paralelo, el partido difundi\u00f3 un video en sus redes sociales, en el que Mujica reafirm\u00f3 la importancia de votar en favor de la educaci\u00f3n. \u201cEste voto va a tener mucho que ver con el tiempo que vendr\u00e1 para el Uruguay del futuro. Soy de los convencidos que Uruguay tiene que luchar por el desarrollo porque, repito, hay que gastar una fortuna en la educaci\u00f3n de los gurises. Porque los gurises van a enfrentar el tiempo de la inteligencia, donde la inteligencia es tan importante como el capital. Y si no tienen calificaci\u00f3n, probablemente no tengan oportunidad y vivan con suerte de l\u00e1stima\u201d, expres\u00f3.<\/p>\n<p>&nbsp;<\/p>\n<p><strong>A pocos d\u00edas del balotaje<\/strong><\/p>\n<p>Orsi (que logr\u00f3 casi el 44% de los votos en la primera vuelta) y el oficialista \u00c1lvaro Delgado (con casi el 27%) luchar\u00e1n por la Presidencia de Uruguay el pr\u00f3ximo 24 de noviembre en la segunda vuelta, tras convertirse en los dos candidatos m\u00e1s votados en las elecciones presidenciales de octubre. El primero busca un cuarto gobierno de la fuerza pol\u00edtica de izquierdas que gobern\u00f3 durante tres mandatos consecutivos entre 2005 y 2020 y el segundo va tras un nuevo mandato de la coalici\u00f3n que triunf\u00f3 en 2019 y llev\u00f3 a la Presidencia al actual mandatario, Luis Lacalle Pou.<\/p>\n<p>El apoyo de Mujica en la campa\u00f1a llega d\u00edas despu\u00e9s de que ambos candidatos acordaran realizar en Montevideo un debate el domingo previo al balotaje, que ser\u00e1 transmitido en vivo y en horario central por cadena nacional de radio y televisi\u00f3n.<\/p>\n<p>El expresidente particip\u00f3 el pasado domingo en un evento en homenaje a su exvicepresidente, ministro de Econom\u00eda y senador Danilo Astori, a un a\u00f1o de su fallecimiento. Consultado por la prensa sobre c\u00f3mo observa la campa\u00f1a hacia el balotaje, dijo que tiene una \u201cconfianza sentimental\u201d que le dice que Orsi ganar\u00e1 la elecci\u00f3n. \u201cLo que me preocupa es lo que viene despu\u00e9s, porque hay que dar una batalla por el desarrollo\u201d, subray\u00f3, declaraciones recogidas por el medio uruguayo la diaria.<\/p>\n<p>En ese sentido, Mujica critic\u00f3 las propuestas del oficialismo. \u201cMe le\u00ed todos los programas. Ese que hizo el Partido Nacional es para llorar\u201d, cuestion\u00f3. \u201cNo dice una palabra de ganader\u00eda, del arroz, ni una palabra del pa\u00eds agroexportador. Nada. Lo \u00fanico que dice es el bienestar animal y un poco del riego\u201d, detall\u00f3.<\/p>\n<p>&nbsp;<\/p>\n<p><strong>\u201cHay que trabajar por la esperanza\u201d<\/strong><\/p>\n<p>En septiembre, Mujica tuvo dificultades de salud como consecuencia del tratamiento que lleva adelante luego de haber sido operado por el c\u00e1ncer de es\u00f3fago. Pese a ello nunca se mantuvo lejos del FA para apoyar a Orsi. Es m\u00e1s, tras la operaci\u00f3n sorprendi\u00f3 a todos con su participaci\u00f3n en el cierre de campa\u00f1a de las elecciones generales en la Plaza 1\u00b0 de Mayo, d\u00f3nde dijo que por primera vez en los \u00faltimos 40 a\u00f1os no participaba en una campa\u00f1a electoral por estar \u201cpeleando con la muerte\u201d, pero sinti\u00f3 que deb\u00eda estar esa noche.<\/p>\n<p>\u201cSoy un anciano que est\u00e1 muy cerca de emprender la retirada de la que no se vuelve\u201d, se\u00f1al\u00f3 Mujica, conmoviendo a muchos de los presentes hasta las l\u00e1grimas. \u201cPero estoy feliz porque est\u00e1n ustedes, porque cuando mis brazos se vayan habr\u00e1 miles de brazos sustituyendo la lucha. Y toda mi vida dije que los mejores dirigentes son los que dejan una barra que lo superan con ventaja\u201d, agreg\u00f3, y mencion\u00f3 a Orsi.<\/p>\n<p>En su breve discurso, pronunciado entre gritos de \u201c\u00a1Te queremos, Pepe!\u201d, Mujica llam\u00f3 a lograr el desarrollo del pa\u00eds para tener los medios para formar a las generaciones futuras. \u201cHay que trabajar por la esperanza. Hasta siempre, les doy mi coraz\u00f3n. Y gracias por existir\u201d, remarc\u00f3.<\/p>\n","protected":false},"excerpt":{"rendered":"<p>Pese a su enfermedad, el expresidente de Uruguay Jos\u00e9 \u201cPepe\u201d Mujica se sumar\u00e1 al \u00faltimo tramo de la campa\u00f1a del candidato a la presidencia del pa\u00eds por el opositor Frente Amplio (FA), Yamand\u00fa Orsi, en la que recorrer\u00e1 los departamentos de Montevideo y Canelones a 12 d\u00edas del balotaje &nbsp; &nbsp; \u201cEn plena recuperaci\u00f3n y con un gran esfuerzo personal, de su familia y equipo, el expresidente Jos\u00e9 Mujica y l\u00edder del Espacio 609, comienza el s\u00e1bado una intensa agenda por Montevideo y Canelones\u201d, indic\u00f3 un comunicado emitido por el&#8230;<\/p>\n","protected":false},"author":3,"featured_media":122694,"comment_status":"closed","ping_status":"closed","sticky":false,"template":"","format":"standard","meta":[],"categories":[4],"tags":[],"_links":{"self":[{"href":"https:\/\/www.actualidadadiario.com\/index.php\/wp-json\/wp\/v2\/posts\/122693"}],"collection":[{"href":"https:\/\/www.actualidadadiario.com\/index.php\/wp-json\/wp\/v2\/posts"}],"about":[{"href":"https:\/\/www.actualidadadiario.com\/index.php\/wp-json\/wp\/v2\/types\/post"}],"author":[{"embeddable":true,"href":"https:\/\/www.actualidadadiario.com\/index.php\/wp-json\/wp\/v2\/users\/3"}],"replies":[{"embeddable":true,"href":"https:\/\/www.actualidadadiario.com\/index.php\/wp-json\/wp\/v2\/comments?post=122693"}],"version-history":[{"count":1,"href":"https:\/\/www.actualidadadiario.com\/index.php\/wp-json\/wp\/v2\/posts\/122693\/revisions"}],"predecessor-version":[{"id":122695,"href":"https:\/\/www.actualidadadiario.com\/index.php\/wp-json\/wp\/v2\/posts\/122693\/revisions\/122695"}],"wp:featuredmedia":[{"embeddable":true,"href":"https:\/\/www.actualidadadiario.com\/index.php\/wp-json\/wp\/v2\/media\/122694"}],"wp:attachment":[{"href":"https:\/\/www.actualidadadiario.com\/index.php\/wp-json\/wp\/v2\/media?parent=122693"}],"wp:term":[{"taxonomy":"category","embeddable":true,"href":"https:\/\/www.actualidadadiario.com\/index.php\/wp-json\/wp\/v2\/categories?post=122693"},{"taxonomy":"post_tag","embeddable":true,"href":"https:\/\/www.actualidadadiario.com\/index.php\/wp-json\/wp\/v2\/tags?post=122693"}],"curies":[{"name":"wp","href":"https:\/\/api.w.org\/{rel}","templated":true}]}}