{"id":122684,"date":"2024-11-13T14:52:09","date_gmt":"2024-11-13T17:52:09","guid":{"rendered":"https:\/\/www.actualidadadiario.com\/?p=122684"},"modified":"2024-11-13T14:52:09","modified_gmt":"2024-11-13T17:52:09","slug":"cop29-milei-retiro-la-mision-argentina-y-genero-gran-conmocion-en-la-cumbre-del-clima-de-baku","status":"publish","type":"post","link":"https:\/\/www.actualidadadiario.com\/index.php\/2024\/11\/13\/cop29-milei-retiro-la-mision-argentina-y-genero-gran-conmocion-en-la-cumbre-del-clima-de-baku\/","title":{"rendered":"COP29: Milei retir\u00f3 la misi\u00f3n argentina y gener\u00f3 &#8220;gran conmoci\u00f3n&#8221; en la cumbre del clima de Bak\u00fa"},"content":{"rendered":"<p style=\"text-align: center;\"><em><strong>La decisi\u00f3n obedece a una posici\u00f3n contra las pol\u00edticas de lucha contra el cambio clim\u00e1tico, en l\u00ednea con la postura de Donald Trump. Sorpresa en la comitiva argentina<\/strong><\/em><\/p>\n<p>&nbsp;<\/p>\n<p>&nbsp;<\/p>\n<p>El presidente Javier Milei orden\u00f3 retirar la misi\u00f3n argentina en el tercer d\u00eda de la cumbre mundial del clima de la ONU (COP29) que se celebra en la ciudad de Bak\u00fa, capital de Azerbaiy\u00e1n, y gener\u00f3 &#8220;gran conmoci\u00f3n&#8221; entre las delegaciones internacionales.<\/p>\n<p>Al menos tres funcionarios de Canciller\u00eda y la secretar\u00eda de Ambiente, Turismo y Deportes de Daniel Scioli, que viajaron especialmente al encuentro -pero que tampoco pudieron estar en los debates princiales durante las primeras dos jornadas-, recibieron una orden indeclinable desde Buenos Aires de suspender sus actividades, abandonar el pa\u00eds y regresar a la Argentina.<\/p>\n<p>Una cuarta integrante de la delegaci\u00f3n, la embajadora argentina en Bak\u00fa, Mari\u00e1ngeles Bellusci, s\u00ed estuvo en el acto inaugural, pero tambi\u00e9n recibi\u00f3 la instrucci\u00f3n de retirarse del evento.<\/p>\n<p>La comitiva oficial no pudo siquiera ingresar al estadio ol\u00edmpico de Bak\u00fa, donde se desarrolla la cumbre, ya que esperaban una orden desde Buenos Aires para avanzar con su agenda. Su prop\u00f3sito era participar, escuchar y dialogar con referentes en clima de otros pa\u00edses y especialistas de ONG vinculadas. Sin embargo, apenas pudieron hacer su trabajo.<\/p>\n<p>Los que s\u00ed pudieron quedarse en la cumbre fueron delegados enviados por las provincias de Santa Fe y C\u00f3rdoba, entre otros.<\/p>\n<p>La cumbre de la ONU sobre el clima se celebra cada a\u00f1o, con m\u00e1s la participaci\u00f3n de 200 pa\u00edses y m\u00e1s de 100.000 delegados inscritos.<\/p>\n<p>&nbsp;<\/p>\n<p><strong>Por qu\u00e9 Javier Milei retir\u00f3 a la delegaci\u00f3n argentina de la COP29<\/strong><\/p>\n<p>La decisi\u00f3n de Javier Milei obedece a una posici\u00f3n contra las pol\u00edticas de lucha contra el cambio clim\u00e1tico, una postura similar a la de Donald Trump, el mandatario reelecto de Estados Unidos a quien va visitar el primer mandatario este viernes en su mansi\u00f3n de Florida.<\/p>\n<p>A diferencia de la administraci\u00f3n dem\u00f3crata, del saliente presidente Joe Biden, Donald Trump amenaza nuevamente con salirse del todo del acuerdo de Par\u00eds.<\/p>\n<p>Seg\u00fan revelaron fuentes presentes en la COP29, la decisi\u00f3n de Milei de retirar a los enviados argentinos caus\u00f3 estupor y &#8220;gran conmoci\u00f3n&#8221; en los dos grupos de negociaciones en los que participa la Argentina: el grupo sur con Brasil, Uruguay, Ecuador y Paraguay y el G77 m\u00e1s China.<\/p>\n<p>A pesar de la retirar exigida por Milei, Argentina no puede retirarse del Acuerdo de Par\u00eds, afirmaron los expertos. El pa\u00eds adhiri\u00f3 en 2013 y fue ratificado por el Congreso den 2016. Para salirse, el tr\u00e1mite del retiro de la COP29 lleva un a\u00f1o.<\/p>\n<p>&nbsp;<\/p>\n<p><strong>Qu\u00e9 se debate en la COP29 de Bak\u00fa<\/strong><\/p>\n<p>La conferencia anual sobre el cambio clim\u00e1tico (COP29) se abri\u00f3 el lunes 11 de noviembre en Bak\u00fa con llamados a la cooperaci\u00f3n mundial, bajo el impacto del triunfo electoral de Donald Trump en Estados Unidos.<\/p>\n<p>La gran cita anual del clima, bajo los auspicios de la ONU, se celebra hasta el viernes 22 de noviembre, mientras que el mundo se dirige a batir otro r\u00e9cord de temperatura.<\/p>\n<p>&#8220;Nos encaminamos hacia la ruina. Y no se trata de problemas futuros. El cambio clim\u00e1tico ya est\u00e1 aqu\u00ed&#8221;, alert\u00f3 en la ceremonia de apertura el presidente de la COP29, el ministro de Ecolog\u00eda de Azerbaiy\u00e1n, Mujtar Babaiev. &#8220;Lleg\u00f3 el momento de la verdad&#8221;, a\u00f1adi\u00f3.<\/p>\n<p>&nbsp;<\/p>\n<p><strong>Cu\u00e1l fue la primera medida que aprob\u00f3 la COP29<\/strong><\/p>\n<p>Una de las primeras medidas adoptadas en la COP29 fue la aprobaci\u00f3n de las reglas para el mercado internacional de carbono, tras una larga y tensa sesi\u00f3n negociadora para aprobar la agenda.<\/p>\n<p>Las nuevas normas conciernen sobre todo a los pa\u00edses -especialmente los contaminadores ricos- que buscan compensar sus emisiones comprando cr\u00e9ditos a naciones que han reducido los gases de efecto invernadero m\u00e1s all\u00e1 de lo que hab\u00edan prometido.<\/p>\n<p>Los criterios adoptados regulan la metodolog\u00eda para calcular el n\u00famero de cr\u00e9ditos que puede generar un proyecto determinado, as\u00ed como lo que ocurre si el carbono almacenado se pierde, por ejemplo si se incendia el bosque que les serv\u00eda de respaldo.<\/p>\n<p>&nbsp;<\/p>\n<p><strong>El rechazo de Donal Trump a la acci\u00f3n clim\u00e1tica<\/strong><\/p>\n<p>Las reglas del mercado de carbono estaban pendientes de aprobaci\u00f3n desde el hist\u00f3rico Acuerdo de Par\u00eds de 2015 (COP21). Y es ese Acuerdo, base de todas las negociaciones de la \u00faltima d\u00e9cada, el que podr\u00eda abandonar en enero Estados Unidos, cuando Trump asuma el poder.<\/p>\n<p>El presidente republicano ya lo hizo durante su primer mandato presidencial (2017-2021), una medida que inmediatamente revoc\u00f3 Joe Biden al sustituirlo.<\/p>\n<p>&#8220;Quiero decirles que aunque el gobierno federal en Estados Unidos, bajo Donald Trump, puede poner la acci\u00f3n clim\u00e1tica en segundo plano, el trabajo continuar\u00e1, con pasi\u00f3n y compromiso&#8221;, asegur\u00f3 el actual enviado especial del clima del gobierno dem\u00f3crata, John Podesta.<\/p>\n<p>Donald Trump ya prepara la salida de EEUU del Acuerdo Clim\u00e1tico de Par\u00eds<\/p>\n<p>El equipo de transici\u00f3n del presidente electo de Estados Unidos, Donald Trump, prepar\u00f3 este viernes decretos sobre la salida del Acuerdo Clim\u00e1tico de Par\u00eds, seg\u00fan sostiene The New York Times. Se trata de un acuerdo que limita el aumento de la temperatura global, de cara a sus consecuencias clim\u00e1ticas.<\/p>\n<p>Adem\u00e1s de esta decisi\u00f3n, buscan reducir el tama\u00f1o de algunos monumentos nacionales para permitir m\u00e1s perforaciones y miner\u00eda. Trump tambi\u00e9n pondr\u00eda fin a una pausa en el permiso de nuevas terminales de exportaci\u00f3n de gas natural. Adem\u00e1s, revocar\u00eda una exenci\u00f3n que permite a California y otros estados tener normas de contaminaci\u00f3n m\u00e1s estrictas, seg\u00fan el reporte.<\/p>\n<p>Algunas personas de su equipo est\u00e1n debatiendo el traslado de la sede de la Agencia de Protecci\u00f3n Medioambiental fuera de Washington, seg\u00fan el informe, que cita a personas implicadas en las conversaciones.<\/p>\n","protected":false},"excerpt":{"rendered":"<p>La decisi\u00f3n obedece a una posici\u00f3n contra las pol\u00edticas de lucha contra el cambio clim\u00e1tico, en l\u00ednea con la postura de Donald Trump. Sorpresa en la comitiva argentina &nbsp; &nbsp; El presidente Javier Milei orden\u00f3 retirar la misi\u00f3n argentina en el tercer d\u00eda de la cumbre mundial del clima de la ONU (COP29) que se celebra en la ciudad de Bak\u00fa, capital de Azerbaiy\u00e1n, y gener\u00f3 &#8220;gran conmoci\u00f3n&#8221; entre las delegaciones internacionales. Al menos tres funcionarios de Canciller\u00eda y la secretar\u00eda de Ambiente, Turismo y Deportes de Daniel Scioli, que&#8230;<\/p>\n","protected":false},"author":3,"featured_media":122685,"comment_status":"closed","ping_status":"closed","sticky":false,"template":"","format":"standard","meta":[],"categories":[18],"tags":[],"_links":{"self":[{"href":"https:\/\/www.actualidadadiario.com\/index.php\/wp-json\/wp\/v2\/posts\/122684"}],"collection":[{"href":"https:\/\/www.actualidadadiario.com\/index.php\/wp-json\/wp\/v2\/posts"}],"about":[{"href":"https:\/\/www.actualidadadiario.com\/index.php\/wp-json\/wp\/v2\/types\/post"}],"author":[{"embeddable":true,"href":"https:\/\/www.actualidadadiario.com\/index.php\/wp-json\/wp\/v2\/users\/3"}],"replies":[{"embeddable":true,"href":"https:\/\/www.actualidadadiario.com\/index.php\/wp-json\/wp\/v2\/comments?post=122684"}],"version-history":[{"count":1,"href":"https:\/\/www.actualidadadiario.com\/index.php\/wp-json\/wp\/v2\/posts\/122684\/revisions"}],"predecessor-version":[{"id":122686,"href":"https:\/\/www.actualidadadiario.com\/index.php\/wp-json\/wp\/v2\/posts\/122684\/revisions\/122686"}],"wp:featuredmedia":[{"embeddable":true,"href":"https:\/\/www.actualidadadiario.com\/index.php\/wp-json\/wp\/v2\/media\/122685"}],"wp:attachment":[{"href":"https:\/\/www.actualidadadiario.com\/index.php\/wp-json\/wp\/v2\/media?parent=122684"}],"wp:term":[{"taxonomy":"category","embeddable":true,"href":"https:\/\/www.actualidadadiario.com\/index.php\/wp-json\/wp\/v2\/categories?post=122684"},{"taxonomy":"post_tag","embeddable":true,"href":"https:\/\/www.actualidadadiario.com\/index.php\/wp-json\/wp\/v2\/tags?post=122684"}],"curies":[{"name":"wp","href":"https:\/\/api.w.org\/{rel}","templated":true}]}}