{"id":122681,"date":"2024-11-13T14:51:04","date_gmt":"2024-11-13T17:51:04","guid":{"rendered":"https:\/\/www.actualidadadiario.com\/?p=122681"},"modified":"2024-11-13T14:51:04","modified_gmt":"2024-11-13T17:51:04","slug":"myriam-bregman-el-fallo-condenatorio-de-cristina-fernandez-de-kirchner-es-muy-grave","status":"publish","type":"post","link":"https:\/\/www.actualidadadiario.com\/index.php\/2024\/11\/13\/myriam-bregman-el-fallo-condenatorio-de-cristina-fernandez-de-kirchner-es-muy-grave\/","title":{"rendered":"Myriam Bregman: \u201cEl fallo condenatorio de Cristina Fern\u00e1ndez de Kirchner es muy grave\u201d"},"content":{"rendered":"<p style=\"text-align: center;\"><em><strong>La abogada y referente del Frente de Izquierda se pronunci\u00f3 en contra del veredicto dictado por Casaci\u00f3n, donde confirmaron por unanimidad la condena a 6 a\u00f1os de prisi\u00f3n para la ex presidenta de la Naci\u00f3n<\/strong><\/em><\/p>\n<p>&nbsp;<\/p>\n<p>&nbsp;<\/p>\n<p>La abogada y referente del Frente de Izquierda (FIT) Myriam Bregman, asegur\u00f3 que \u201cel fallo condenatorio de Cristina Fern\u00e1ndez de Kirchner es muy grave\u201d por la \u201cmanipulaci\u00f3n\u201d medi\u00e1tica y judicial que tuvo la causa desde comienzo.<\/p>\n<p>En su cuenta personal de la red social X, se\u00f1al\u00f3 que la gravedad de la situaci\u00f3n se instala cuando la pena ya se conoc\u00eda hace d\u00edas y que este tipo de hechos \u201cjudicializan\u201d la pol\u00edtica.<\/p>\n<p>\u201cEs muy grave por lo anunciado y previsible de la condena, por las manipulaciones que sufri\u00f3 la causa y porque los jueces se reservan la facultad de decidir qui\u00e9n puede ser candidato\/a\u201d, remarc\u00f3.<\/p>\n<p>Por otra parte, sostuvo que, \u201cen los pr\u00f3ximos d\u00edas\u201d van a querer \u201clegalizar esta judicializaci\u00f3n de la pol\u00edtica\u201d con la sanci\u00f3n de la ley de \u201cFicha Limpia\u201d, que es una iniciativa legislativa destinada a que cualquier persona condenada por delitos penales no tenga acceso a ejercer ning\u00fan cargo electivo.<\/p>\n<p>La condena que recibi\u00f3 hoy Fern\u00e1ndez de Kirchner, por administraci\u00f3n fraudulenta en la causa Vialidad, tambi\u00e9n incluye la inhabilitaci\u00f3n para ejercer cargos p\u00fablicos.<\/p>\n<p>Seg\u00fan el fallo, &#8220;se demostr\u00f3 un conjunto de actos de gobierno del Poder Ejecutivo Nacional con la finalidad de concretar la ejecuci\u00f3n de la maniobra, reafirmando el funcionamiento del circuito de irregularidades&#8221;.<\/p>\n<p>Por el momento, la condena no est\u00e1 firme ya que hay un plazo de diez d\u00edas h\u00e1biles para presentar recursos extraordinarios y apelar ante la Corte Suprema de Justicia de la Naci\u00f3n.<\/p>\n<p>\u201cTodo avance antidemocr\u00e1tico debe ser repudiado. Lejos estamos de que se investigue la corrupci\u00f3n con estos m\u00e9todos\u201d, concluy\u00f3 Bregman.<\/p>\n","protected":false},"excerpt":{"rendered":"<p>La abogada y referente del Frente de Izquierda se pronunci\u00f3 en contra del veredicto dictado por Casaci\u00f3n, donde confirmaron por unanimidad la condena a 6 a\u00f1os de prisi\u00f3n para la ex presidenta de la Naci\u00f3n &nbsp; &nbsp; La abogada y referente del Frente de Izquierda (FIT) Myriam Bregman, asegur\u00f3 que \u201cel fallo condenatorio de Cristina Fern\u00e1ndez de Kirchner es muy grave\u201d por la \u201cmanipulaci\u00f3n\u201d medi\u00e1tica y judicial que tuvo la causa desde comienzo. En su cuenta personal de la red social X, se\u00f1al\u00f3 que la gravedad de la situaci\u00f3n se&#8230;<\/p>\n","protected":false},"author":3,"featured_media":122682,"comment_status":"closed","ping_status":"closed","sticky":false,"template":"","format":"standard","meta":[],"categories":[18],"tags":[],"_links":{"self":[{"href":"https:\/\/www.actualidadadiario.com\/index.php\/wp-json\/wp\/v2\/posts\/122681"}],"collection":[{"href":"https:\/\/www.actualidadadiario.com\/index.php\/wp-json\/wp\/v2\/posts"}],"about":[{"href":"https:\/\/www.actualidadadiario.com\/index.php\/wp-json\/wp\/v2\/types\/post"}],"author":[{"embeddable":true,"href":"https:\/\/www.actualidadadiario.com\/index.php\/wp-json\/wp\/v2\/users\/3"}],"replies":[{"embeddable":true,"href":"https:\/\/www.actualidadadiario.com\/index.php\/wp-json\/wp\/v2\/comments?post=122681"}],"version-history":[{"count":1,"href":"https:\/\/www.actualidadadiario.com\/index.php\/wp-json\/wp\/v2\/posts\/122681\/revisions"}],"predecessor-version":[{"id":122683,"href":"https:\/\/www.actualidadadiario.com\/index.php\/wp-json\/wp\/v2\/posts\/122681\/revisions\/122683"}],"wp:featuredmedia":[{"embeddable":true,"href":"https:\/\/www.actualidadadiario.com\/index.php\/wp-json\/wp\/v2\/media\/122682"}],"wp:attachment":[{"href":"https:\/\/www.actualidadadiario.com\/index.php\/wp-json\/wp\/v2\/media?parent=122681"}],"wp:term":[{"taxonomy":"category","embeddable":true,"href":"https:\/\/www.actualidadadiario.com\/index.php\/wp-json\/wp\/v2\/categories?post=122681"},{"taxonomy":"post_tag","embeddable":true,"href":"https:\/\/www.actualidadadiario.com\/index.php\/wp-json\/wp\/v2\/tags?post=122681"}],"curies":[{"name":"wp","href":"https:\/\/api.w.org\/{rel}","templated":true}]}}