{"id":122671,"date":"2024-11-13T12:33:46","date_gmt":"2024-11-13T15:33:46","guid":{"rendered":"https:\/\/www.actualidadadiario.com\/?p=122671"},"modified":"2024-11-13T12:33:46","modified_gmt":"2024-11-13T15:33:46","slug":"milei-recauda-fondos-libertarios-y-viaja-al-encuentro-con-donald-trump-en-estados-unidos","status":"publish","type":"post","link":"https:\/\/www.actualidadadiario.com\/index.php\/2024\/11\/13\/milei-recauda-fondos-libertarios-y-viaja-al-encuentro-con-donald-trump-en-estados-unidos\/","title":{"rendered":"Milei recauda fondos libertarios y viaja al encuentro con Donald Trump en Estados Unidos"},"content":{"rendered":"<p style=\"text-align: center;\"><em><strong>De una cena libertaria al encuentro con Donald Trump: Javier Milei participar\u00e1 del lanzamiento de la Fundaci\u00f3n Faro y, luego, partir\u00e1 rumbo a Palm Beach. La agenda del presidente<\/strong><\/em><\/p>\n<p>&nbsp;<\/p>\n<p>&nbsp;<\/p>\n<p>Antes de viajar rumbo a Estados Unidos, el presidente Javier Milei encabezar\u00e1 una cena de lanzamiento de la Fundaci\u00f3n Faro, una organizaci\u00f3n destinada a la formaci\u00f3n de pol\u00edticos libertarios. El evento comenzar\u00e1 a las 20 en Puerto Madero con la presencia de alrededor de 400 invitados, entre los que estar\u00e1n empresarios y dirigentes pol\u00edticos.<\/p>\n<p>La fundaci\u00f3n que dirige el polit\u00f3logo libertario Agust\u00edn Laje busca \u201cpromover las ideas del liberalismo econ\u00f3mico y los valores hist\u00f3ricos de la cultura argentina, para contribuir al desarrollo econ\u00f3mico y social de nuestra Naci\u00f3n, librando la batalla cultural\u201d.<\/p>\n<p>La cena apunta a recaudar fondos que aportar\u00e1n los hombres de negocios interesados en el proyecto pol\u00edtico de Javier Milei de cara a las elecciones legislativas del a\u00f1o pr\u00f3ximo. La nueva usina de pensamiento libertario apoya la ideas del presidente sobre que el Estado \u201cno debe\u00a0 imponer al privado c\u00f3mo o qu\u00e9 producir y comercializar\u201d y que el\u00a0 \u201casistencialismo no ataca el problema estructural de la pobreza\u201d.<\/p>\n<p>Luego de participar de la cena de la Fundaci\u00f3n Faro, Milei viajar\u00e1 a Palm Beach, Florida, para reencontrarse con el presidente electo Donald Trump en la Conferencia Pol\u00edtica de Acci\u00f3n Conservadora (CPAC), que se realizar\u00e1 en Mar-a-Lago. Ser\u00e1 el sexto viaje que realiza a Estados Unidos en lo que va de la gesti\u00f3n.<\/p>\n<p>Fuentes oficiales confirmaron que el jefe de Estado viajar\u00e1 con su hermana y secretaria general de la Presidencia, Karina Milei, y el canciller Gerardo Werthein. Est\u00e1 previsto que llegue ma\u00f1ana al mediod\u00eda a suelo norteamericano.<\/p>\n<p>Milei y Trump conversaron ayer por tel\u00e9fono durante diez minutos. El vocero presidencial, Manuel Adorni, confirm\u00f3 que el republicano le dijo al presidente argentino que \u201ces su presidente favorito\u201d. La comunicaci\u00f3n se concret\u00f3 a una semana del triunfo de Trump en las elecciones de Estados Unidos. Milei buscar\u00e1 una foto y un encuentro a solas con el presidente electo antes de que asuma en el poder el 20 de enero pr\u00f3ximo.<\/p>\n<p>El encuentro tendr\u00e1 lugar en Mar-a-Lago, el lujoso club privado en Palm Beach, Florida, donde habitan 500 miembros de las instituciones exclusivas. All\u00ed se ver\u00e1 cara a cara a Trump ma\u00f1ana y el viernes hablar\u00e1 ante la Conferencia de Acci\u00f3n Pol\u00edtica Conservadora (CPAC), en la que ambos hab\u00edan participado en febrero pasado en Estados Unidos. El \u00faltimo encuentro de la organizaci\u00f3n se realizar\u00e1 el 4 de diciembre en Buenos Aires.<\/p>\n","protected":false},"excerpt":{"rendered":"<p>De una cena libertaria al encuentro con Donald Trump: Javier Milei participar\u00e1 del lanzamiento de la Fundaci\u00f3n Faro y, luego, partir\u00e1 rumbo a Palm Beach. La agenda del presidente &nbsp; &nbsp; Antes de viajar rumbo a Estados Unidos, el presidente Javier Milei encabezar\u00e1 una cena de lanzamiento de la Fundaci\u00f3n Faro, una organizaci\u00f3n destinada a la formaci\u00f3n de pol\u00edticos libertarios. El evento comenzar\u00e1 a las 20 en Puerto Madero con la presencia de alrededor de 400 invitados, entre los que estar\u00e1n empresarios y dirigentes pol\u00edticos. La fundaci\u00f3n que dirige el&#8230;<\/p>\n","protected":false},"author":3,"featured_media":122597,"comment_status":"closed","ping_status":"closed","sticky":false,"template":"","format":"standard","meta":[],"categories":[18],"tags":[],"_links":{"self":[{"href":"https:\/\/www.actualidadadiario.com\/index.php\/wp-json\/wp\/v2\/posts\/122671"}],"collection":[{"href":"https:\/\/www.actualidadadiario.com\/index.php\/wp-json\/wp\/v2\/posts"}],"about":[{"href":"https:\/\/www.actualidadadiario.com\/index.php\/wp-json\/wp\/v2\/types\/post"}],"author":[{"embeddable":true,"href":"https:\/\/www.actualidadadiario.com\/index.php\/wp-json\/wp\/v2\/users\/3"}],"replies":[{"embeddable":true,"href":"https:\/\/www.actualidadadiario.com\/index.php\/wp-json\/wp\/v2\/comments?post=122671"}],"version-history":[{"count":1,"href":"https:\/\/www.actualidadadiario.com\/index.php\/wp-json\/wp\/v2\/posts\/122671\/revisions"}],"predecessor-version":[{"id":122672,"href":"https:\/\/www.actualidadadiario.com\/index.php\/wp-json\/wp\/v2\/posts\/122671\/revisions\/122672"}],"wp:featuredmedia":[{"embeddable":true,"href":"https:\/\/www.actualidadadiario.com\/index.php\/wp-json\/wp\/v2\/media\/122597"}],"wp:attachment":[{"href":"https:\/\/www.actualidadadiario.com\/index.php\/wp-json\/wp\/v2\/media?parent=122671"}],"wp:term":[{"taxonomy":"category","embeddable":true,"href":"https:\/\/www.actualidadadiario.com\/index.php\/wp-json\/wp\/v2\/categories?post=122671"},{"taxonomy":"post_tag","embeddable":true,"href":"https:\/\/www.actualidadadiario.com\/index.php\/wp-json\/wp\/v2\/tags?post=122671"}],"curies":[{"name":"wp","href":"https:\/\/api.w.org\/{rel}","templated":true}]}}