{"id":122669,"date":"2024-11-13T12:32:39","date_gmt":"2024-11-13T15:32:39","guid":{"rendered":"https:\/\/www.actualidadadiario.com\/?p=122669"},"modified":"2024-11-13T12:32:39","modified_gmt":"2024-11-13T15:32:39","slug":"macron-llega-a-la-argentina-con-temas-que-odia-milei-cambio-climatico-y-agenda-verde","status":"publish","type":"post","link":"https:\/\/www.actualidadadiario.com\/index.php\/2024\/11\/13\/macron-llega-a-la-argentina-con-temas-que-odia-milei-cambio-climatico-y-agenda-verde\/","title":{"rendered":"Macron llega a la Argentina con temas que odia Milei: cambio clim\u00e1tico y agenda verde"},"content":{"rendered":"<p style=\"text-align: center;\"><em><strong>El presidente franc\u00e9s busca relanzar el v\u00ednculo con Am\u00e9rica Latina. Participar\u00e1 de la cumbre del G20 en R\u00edo de Janeiro, pero antes se ver\u00e1 con Milei en Buenos Aires este fin de semana. Espera un &#8220;di\u00e1logo exigente&#8221; sobre cuestiones globales que al l\u00edder libertario no le gustan, como el cambio clim\u00e1tico<\/strong><\/em><\/p>\n<p>&nbsp;<\/p>\n<p>&nbsp;<\/p>\n<p>El gobierno de Francia confirm\u00f3 que el presidente de ese pa\u00eds, Emmanuel Macron, visitar\u00e1 la Argentina este 16 y 17 de noviembre, es decir este fin de semanas, con la idea de mantener un &#8220;di\u00e1logo exigente&#8221; con su par Javier Mieli, concepto que viene de la mano de que el tema central que busca discutir no es del agrado del l\u00edder libertario: el cambio clim\u00e1tico y la agenda verde.<\/p>\n<p>As\u00ed las cosas, el cara a cara entre Macron y Mlei en Buenos Aires se dar\u00e1 justo antes de su participaci\u00f3n en la cumbre del G20 en R\u00edo de Janeiro los d\u00edas 18 y 19 de noviembre.<\/p>\n<p>Macron estar\u00e1 en Buenos Aires el 16 y 17 de noviembre y, tras el evento en Brasil, viajar\u00e1 a Chile, donde compartir\u00e1 con su par Gabriel Boric una visita entre el 20 y el 21 del mismo mes.<\/p>\n<p>Desde la presidencia francesa se\u00f1alaron que este recorrido por Am\u00e9rica Latina busca &#8220;relanzar&#8221; los v\u00ednculos de Francia con la regi\u00f3n, un objetivo que el presidente galo viene trabajando con Boric, con quien coincide en su visi\u00f3n sobre la importancia del multilateralismo y la preservaci\u00f3n del medio ambiente.<\/p>\n<p>La relaci\u00f3n de Macron con Am\u00e9rica Latina no ha sido una constante. Durante su primer mandato, entre 2017 y 2022, no realiz\u00f3 visitas bilaterales a la regi\u00f3n, aunque s\u00ed particip\u00f3 en la cumbre del G20 en Buenos Aires en 2018. Este segundo per\u00edodo presidencial, sin embargo, se presenta con un inter\u00e9s renovado en el continente, impulsado en parte por la invasi\u00f3n rusa a Ucrania. Las complejas relaciones de Francia y la Uni\u00f3n Europea con potencias como China y Estados Unidos han motivado al presidente franc\u00e9s a buscar alianzas en otras regiones.<\/p>\n<p>&nbsp;<\/p>\n<p><strong>Macron y Milei, asunto separado<\/strong><\/p>\n<p>El encuentro entre Macron y Milei tambi\u00e9n servir\u00e1 para &#8220;profundizar la cooperaci\u00f3n en sectores estrat\u00e9gicos&#8221; y robustecer la &#8220;asociaci\u00f3n hist\u00f3rica&#8221; entre Argentina y Francia, seg\u00fan afirm\u00f3 el pa\u00eds europeo. El presidente franc\u00e9s quiere explorar temas donde ambos pa\u00edses puedan establecer lazos m\u00e1s s\u00f3lidos, en especial en un contexto global marcado por la urgencia de la transici\u00f3n energ\u00e9tica y la creciente relevancia de la inteligencia artificial.<\/p>\n<p>&#8220;Los dos presidentes (Macron y Boric) comparten una misma visi\u00f3n sobre la importancia del multilateralismo, sobre todo en la protecci\u00f3n de los oc\u00e9anos y la biodiversidad&#8221;, sostuvo la presidencia gala. El problema que tiene Macron es que Milei piensa diametralmente diferente.<\/p>\n<p>En una de sus primeras declaraciones sobre el calentamiento global, una de las principales problem\u00e1ticas ambientales y de las m\u00e1s nutridas de evidencia cient\u00edfica, Milei dijo en 2021 que, b\u00e1sicamente, el mundo no se est\u00e1 calentando y acus\u00f3 al \u201csocialismo\u201d y al \u201cmarxismo cultural\u201d de impulsar las pol\u00edticas que atiendan a dicha problem\u00e1tica como negocio.<\/p>\n<p>\u201cNada, es otra de las mentiras del socialismo. Hay toda una agenda de marxismo cultural\u201d, comenz\u00f3 con su exposici\u00f3n el entonces candidato a diputado nacional ante la pregunta del youtuber Juli\u00e1n Serrano. El ahora presidente argentino acus\u00f3 a los cient\u00edficos de cambiar sus predicciones y teor\u00edas para predecir el fen\u00f3meno clim\u00e1tico, y sugiri\u00f3 que estos c\u00e1lculos est\u00e1n manipulados.<\/p>\n<p>\u201cHace 10 o 15 a\u00f1os se discut\u00eda que el planeta se iba a congelar, ahora discuten que se calienta. \u00a1Dale, loco! Aquellos que conocen c\u00f3mo se hacen esas simulaciones, las funciones est\u00e1n sobresaturadas en determinados par\u00e1metros a prop\u00f3sito para generar un miedo m\u00e1s ac\u00e1 en el tiempo\u201d, apunt\u00f3. El sitio Chequeado hizo un minucioso an\u00e1lisis sobre cada uno de los argumentos de Milei, que deriv\u00f3 una confirmaci\u00f3n de que miente.<\/p>\n<p>El multilateralismo tampoco es algo del agrado de Milei, cosa que dej\u00f3 p\u00fablicamente clara en las \u00faltimas semanas. Es que Argentina se convirti\u00f3 en el \u00fanico pa\u00eds del mundo en disociarse del Pacto para el Futuro de la Organizaci\u00f3n de las Naciones Unidas (ONU), adoptado el domingo 22 de septiembre junto con sus respectivos anexos: el Pacto Global Digital y la Declaraci\u00f3n sobre Generaciones Futuras.<\/p>\n<p>En su primer discurso ante los l\u00edderes del mundo reunidos para la 79\u00ba Asamblea General en la sede de la Organizaci\u00f3n de las Naciones Unidas (ONU), Milei fustig\u00f3 el rumbo del multilateralismo, acus\u00f3 al organismo de darle la espalda a su mandato original y promover una agenda \u201csocialista\u201d, y lanz\u00f3 una \u201cdoctrina de la nueva Argentina\u201d, anticipando que el pa\u00eds abandonar\u00e1 la neutralidad para colocarse \u201ca la vanguardia de la lucha en defensa de la libertad\u201d.<\/p>\n<p>\u201cEstamos ante un final de ciclo. El colectivismo y el postureo moral de la agenda woke se han chocado con la realidad, y ya no tienen soluciones cre\u00edbles para ofrecer a los problemas del mundo. De hecho, nunca las tuvieron\u201d, dijo Milei durante su mensaje.<\/p>\n<p>Reforz\u00f3 que Argentina &#8220;va a abandonar la posici\u00f3n de neutralidad hist\u00f3rica&#8221; y &#8220;va a estar a la vanguardia de la lucha en defensa de la libertad\u201d.<\/p>\n<p>Tras elogiar los primeros a\u00f1os de vida de las Naciones Unidas y el progreso logrado en los 70 a\u00f1os del per\u00edodo de la posguerra, que coincidi\u00f3, remarc\u00f3, con el per\u00edodo de mayor crecimiento de la historia, dijo que la ONU \u201cdej\u00f3 de velar por los principios esbozados en su declaraciones fundante, y comenz\u00f3 a mutar\u201d, y se transform\u00f3 en un \u201cleviat\u00e1n de m\u00faltiples tent\u00e1culos\u201d que pretende decidir c\u00f3mo debe vivir la gente, y a querer imponer \u201cuna agenda ideol\u00f3gica\u201d.<\/p>\n<p>La ONU original de Woodrow Wilson, sigui\u00f3, fue reemplazada por \u201cun modelo de gobierno supranacional de bur\u00f3cratas internacionales\u201d, al que calific\u00f3 de rumbo \u201ctr\u00e1gico\u201d. Apunt\u00f3 contra la Agenda 2030 y el Pacto del Futuro, ambos programas respaldados por una ampl\u00edsima mayor\u00eda de los 193 miembros del organismo y con fuerte apoyo de Francia. La Agenda 2030 es para Milei, puntualmente, \u201cun programa de gobierno supranacional de corte socialista\u201d.<\/p>\n","protected":false},"excerpt":{"rendered":"<p>El presidente franc\u00e9s busca relanzar el v\u00ednculo con Am\u00e9rica Latina. Participar\u00e1 de la cumbre del G20 en R\u00edo de Janeiro, pero antes se ver\u00e1 con Milei en Buenos Aires este fin de semana. Espera un &#8220;di\u00e1logo exigente&#8221; sobre cuestiones globales que al l\u00edder libertario no le gustan, como el cambio clim\u00e1tico &nbsp; &nbsp; El gobierno de Francia confirm\u00f3 que el presidente de ese pa\u00eds, Emmanuel Macron, visitar\u00e1 la Argentina este 16 y 17 de noviembre, es decir este fin de semanas, con la idea de mantener un &#8220;di\u00e1logo exigente&#8221; con&#8230;<\/p>\n","protected":false},"author":3,"featured_media":122513,"comment_status":"closed","ping_status":"closed","sticky":false,"template":"","format":"standard","meta":[],"categories":[18],"tags":[],"_links":{"self":[{"href":"https:\/\/www.actualidadadiario.com\/index.php\/wp-json\/wp\/v2\/posts\/122669"}],"collection":[{"href":"https:\/\/www.actualidadadiario.com\/index.php\/wp-json\/wp\/v2\/posts"}],"about":[{"href":"https:\/\/www.actualidadadiario.com\/index.php\/wp-json\/wp\/v2\/types\/post"}],"author":[{"embeddable":true,"href":"https:\/\/www.actualidadadiario.com\/index.php\/wp-json\/wp\/v2\/users\/3"}],"replies":[{"embeddable":true,"href":"https:\/\/www.actualidadadiario.com\/index.php\/wp-json\/wp\/v2\/comments?post=122669"}],"version-history":[{"count":1,"href":"https:\/\/www.actualidadadiario.com\/index.php\/wp-json\/wp\/v2\/posts\/122669\/revisions"}],"predecessor-version":[{"id":122670,"href":"https:\/\/www.actualidadadiario.com\/index.php\/wp-json\/wp\/v2\/posts\/122669\/revisions\/122670"}],"wp:featuredmedia":[{"embeddable":true,"href":"https:\/\/www.actualidadadiario.com\/index.php\/wp-json\/wp\/v2\/media\/122513"}],"wp:attachment":[{"href":"https:\/\/www.actualidadadiario.com\/index.php\/wp-json\/wp\/v2\/media?parent=122669"}],"wp:term":[{"taxonomy":"category","embeddable":true,"href":"https:\/\/www.actualidadadiario.com\/index.php\/wp-json\/wp\/v2\/categories?post=122669"},{"taxonomy":"post_tag","embeddable":true,"href":"https:\/\/www.actualidadadiario.com\/index.php\/wp-json\/wp\/v2\/tags?post=122669"}],"curies":[{"name":"wp","href":"https:\/\/api.w.org\/{rel}","templated":true}]}}