{"id":122665,"date":"2024-11-13T12:04:08","date_gmt":"2024-11-13T15:04:08","guid":{"rendered":"https:\/\/www.actualidadadiario.com\/?p=122665"},"modified":"2024-11-13T12:04:08","modified_gmt":"2024-11-13T15:04:08","slug":"se-habilito-el-padron-provisorio-para-las-elecciones-2025-como-consultar","status":"publish","type":"post","link":"https:\/\/www.actualidadadiario.com\/index.php\/2024\/11\/13\/se-habilito-el-padron-provisorio-para-las-elecciones-2025-como-consultar\/","title":{"rendered":"Se habilit\u00f3 el padr\u00f3n provisorio para las Elecciones 2025: c\u00f3mo consultar"},"content":{"rendered":"<p style=\"text-align: center;\"><em><strong>Se llev\u00f3 a cabo la publicaci\u00f3n del padr\u00f3n provisorio de cara a las Elecciones 2025. Conoc\u00e9 el paso a paso para consultar en qu\u00e9 mesa se votar\u00e1<\/strong><\/em><\/p>\n<p>&nbsp;<\/p>\n<p>&nbsp;<\/p>\n<p>Las Elecciones 2025 ya se empiezan a palpitar. Mientras los partidos pol\u00edticos comienzan a definir sus candidatos, hoy se dio a conocer algo importante para todos los votantes. De este modo, la C\u00e1mara Nacional Electoral (CNE), de acuerdo a la ley vigente, dio a conocer el Padr\u00f3n Electoral Provisorio para los comicios del a\u00f1o pr\u00f3ximo.<\/p>\n<p>Se trata del primer corte en la lista del universo de electores, que estar\u00e1n habilitados para emitir su voto en 2025, cuando se definan precandidatos y candidatos para cada categor\u00eda.<\/p>\n<p>&nbsp;<\/p>\n<p><strong>De qu\u00e9 se trata el padr\u00f3n provisorio<\/strong><\/p>\n<p>El Padr\u00f3n Electoral Provisorio es la presentaci\u00f3n preliminar de la lista de votantes habilitados para participar en las pr\u00f3ximas elecciones. Se trata de una instancia en la que cada persona podr\u00e1 consultar si est\u00e1 registrado en el listado que ser\u00e1 definitivo en 2025.<\/p>\n<p>De este modo, en este padr\u00f3n provisorio (tal como indica su nombre), se podr\u00e1 verificar el nombre y apellido del elector para certificar que se encuentre incluido en la lista. En caso contrario, deber\u00e1 reportar esa falla para ser incorporado y as\u00ed estar habilitado para emitir sufragio.<\/p>\n<p>&nbsp;<\/p>\n<p><strong>El caso de los menores de edad<\/strong><\/p>\n<p>En la Rep\u00fablica Argentina, la incorporaci\u00f3n al padr\u00f3n electoral es autom\u00e1tica, una vez que la persona realiza su tr\u00e1mite de renovaci\u00f3n del DNI a partir de los 14 a\u00f1os de edad. No requiere de ning\u00fan tr\u00e1mite espec\u00edfico ante la justicia nacional electoral.<\/p>\n<p>En caso de no encontrarse incluido en esta consulta, para ser incorporado al padr\u00f3n del a\u00f1o pr\u00f3ximo la persona deber\u00e1:<\/p>\n<ul>\n<li><strong>Si la persona ya realiz\u00f3 la actualizaci\u00f3n del DNI a partir de los 14 a\u00f1os:<\/strong><\/li>\n<\/ul>\n<p>En caso de haber realizado la actualizaci\u00f3n del DNI a partir de los 14 a\u00f1os, deber\u00e1 reclamar su inclusi\u00f3n en el padr\u00f3n, a trav\u00e9s del bot\u00f3n de RECLAMOS que se encuentra al pie de la presente p\u00e1gina. Para hacerlo, deber\u00e1 tener una imagen de frente y dorso de su DNI y seguir las instrucciones que all\u00ed se indican.<\/p>\n<ul>\n<li><strong>Si la persona todav\u00eda no realiz\u00f3 la actualizaci\u00f3n de su DNI a partir de los 14 a\u00f1os:<\/strong><\/li>\n<\/ul>\n<p>En caso de NO haber realizado la actualizaci\u00f3n del DNI a partir de los 14 a\u00f1os, deber\u00e1 realizarla como condici\u00f3n previa para ser incluido en los padrones electorales. La actualizaci\u00f3n del DNI no es competencia de la justicia nacional electoral, y se realiza ante las oficinas habilitadas por el Registro Nacional de las Personas (RENAPER).<\/p>\n<p>&nbsp;<\/p>\n<p><strong>\u00bfC\u00f3mo consultar?<\/strong><\/p>\n<p>Se ingresa a la p\u00e1gina padr\u00f3n.gob.ar, donde se deber\u00e1 realizar una serie de pasos. Primero se deber\u00e1 completar con el n\u00famero de Documento Nacional de Identidad (DNI), el g\u00e9nero, el distrito y colocar un c\u00f3digo verificador.<\/p>\n","protected":false},"excerpt":{"rendered":"<p>Se llev\u00f3 a cabo la publicaci\u00f3n del padr\u00f3n provisorio de cara a las Elecciones 2025. Conoc\u00e9 el paso a paso para consultar en qu\u00e9 mesa se votar\u00e1 &nbsp; &nbsp; Las Elecciones 2025 ya se empiezan a palpitar. Mientras los partidos pol\u00edticos comienzan a definir sus candidatos, hoy se dio a conocer algo importante para todos los votantes. De este modo, la C\u00e1mara Nacional Electoral (CNE), de acuerdo a la ley vigente, dio a conocer el Padr\u00f3n Electoral Provisorio para los comicios del a\u00f1o pr\u00f3ximo. Se trata del primer corte en&#8230;<\/p>\n","protected":false},"author":3,"featured_media":11847,"comment_status":"closed","ping_status":"closed","sticky":false,"template":"","format":"standard","meta":[],"categories":[9],"tags":[],"_links":{"self":[{"href":"https:\/\/www.actualidadadiario.com\/index.php\/wp-json\/wp\/v2\/posts\/122665"}],"collection":[{"href":"https:\/\/www.actualidadadiario.com\/index.php\/wp-json\/wp\/v2\/posts"}],"about":[{"href":"https:\/\/www.actualidadadiario.com\/index.php\/wp-json\/wp\/v2\/types\/post"}],"author":[{"embeddable":true,"href":"https:\/\/www.actualidadadiario.com\/index.php\/wp-json\/wp\/v2\/users\/3"}],"replies":[{"embeddable":true,"href":"https:\/\/www.actualidadadiario.com\/index.php\/wp-json\/wp\/v2\/comments?post=122665"}],"version-history":[{"count":1,"href":"https:\/\/www.actualidadadiario.com\/index.php\/wp-json\/wp\/v2\/posts\/122665\/revisions"}],"predecessor-version":[{"id":122666,"href":"https:\/\/www.actualidadadiario.com\/index.php\/wp-json\/wp\/v2\/posts\/122665\/revisions\/122666"}],"wp:featuredmedia":[{"embeddable":true,"href":"https:\/\/www.actualidadadiario.com\/index.php\/wp-json\/wp\/v2\/media\/11847"}],"wp:attachment":[{"href":"https:\/\/www.actualidadadiario.com\/index.php\/wp-json\/wp\/v2\/media?parent=122665"}],"wp:term":[{"taxonomy":"category","embeddable":true,"href":"https:\/\/www.actualidadadiario.com\/index.php\/wp-json\/wp\/v2\/categories?post=122665"},{"taxonomy":"post_tag","embeddable":true,"href":"https:\/\/www.actualidadadiario.com\/index.php\/wp-json\/wp\/v2\/tags?post=122665"}],"curies":[{"name":"wp","href":"https:\/\/api.w.org\/{rel}","templated":true}]}}