{"id":122663,"date":"2024-11-14T12:03:01","date_gmt":"2024-11-14T15:03:01","guid":{"rendered":"https:\/\/www.actualidadadiario.com\/?p=122663"},"modified":"2024-11-14T12:19:05","modified_gmt":"2024-11-14T15:19:05","slug":"se-aproxima-un-nuevo-fin-de-semana-largo-2","status":"publish","type":"post","link":"https:\/\/www.actualidadadiario.com\/index.php\/2024\/11\/14\/se-aproxima-un-nuevo-fin-de-semana-largo-2\/","title":{"rendered":"Se aproxima un nuevo fin de semana largo"},"content":{"rendered":"<p style=\"text-align: center;\"><em><strong>El asueto por el D\u00eda de la Soberan\u00eda Nacional se corri\u00f3 de d\u00eda para tener tres d\u00edas de descanso consecutivos<\/strong><\/em><\/p>\n<p>&nbsp;<\/p>\n<p>&nbsp;<\/p>\n<p>En noviembre hay un fin de semana largo, puesto que el lunes 18 de noviembre es feriado. Se trata de un feriado puente, que es cuando el Gobierno nacional ubica un asueto estrat\u00e9gicamente que haya varios d\u00edas de descanso consecutivos. De esa forma, se busca fomentar el turismo dentro del pa\u00eds.<\/p>\n<p>&nbsp;<\/p>\n<p><strong>Fin de semana largo: por qu\u00e9 el lunes 18 de noviembre es feriado puente<\/strong><\/p>\n<p>En nuestro pa\u00eds, durante el mes de noviembre hay solo un feriado: D\u00eda de la Soberan\u00eda Nacional, que se celebra cada 20 de noviembre. Con esta jornada se recuerda la Batalla de la Vuelta de Obligado, por la cual las tropas de la Confederaci\u00f3n Argentina se enfrentaron contra las armadas de Francia e Inglaterra, en su intento de quebrar la hegemon\u00eda de Buenos Aires para imponer tasas a los barcos que transitaban por el cauce del R\u00edo Paran\u00e1.<\/p>\n<p>La ley 27.399 \u2015que reglamenta el establecimiento de feriados y fines de semana largos\u2015 establece esta fecha como uno trasladable, es decir que se puede cambiar de d\u00eda para crear un fin de semana largo. Lo mismo ocurre con el Paso a la Inmortalidad del General Don Mart\u00edn Miguel de G\u00fcemes (17 de junio), el Paso a la Inmortalidad del General Don Jos\u00e9 de San Mart\u00edn (17 de agosto) y el D\u00eda del Respeto a la Diversidad Cultural (12 de octubre), public\u00f3 La Naci\u00f3n.<\/p>\n<p>A su vez, la normativa detalla c\u00f3mo es que estos d\u00edas no laborables se deben trasladar si caen en un d\u00eda de semana. \u201cLos feriados nacionales trasladables establecidos por el art\u00edculo 1\u00b0 de la presente cuyas fechas coincidan con los d\u00edas martes y mi\u00e9rcoles ser\u00e1n trasladados al d\u00eda lunes anterior. Los que coincidan con los d\u00edas jueves y viernes ser\u00e1n trasladados al d\u00eda lunes siguiente\u201d, puntualiza el art\u00edculo 6. Como este a\u00f1o el 20 de noviembre cae un mi\u00e9rcoles, se decidi\u00f3 adelantar el asueto al lunes 18. De esa forma, hay un fin de semana largo de tres d\u00edas en el ante\u00faltimo mes del 2024.<\/p>\n<p>&nbsp;<\/p>\n<p><strong>Qu\u00e9 feriados quedan en 2024<\/strong><\/p>\n<p>Una vez que trascurra el feriado del 18 de noviembre, diciembre aguarda con dos d\u00edas de descanso: el 8 de diciembre y el 25 del mes, por Navidad.<\/p>\n<p>La primera fecha corresponde al D\u00eda de la Inmaculada Concepci\u00f3n de Mar\u00eda, una fecha de car\u00e1cter religioso incorporado al calendario oficial de la Argentina como feriado inamovible. Sin embargo, el descanso en esta jornada no ser\u00e1 novedad en 2024, ya que el 8 de diciembre va a caer en domingo.<\/p>\n<p>Por \u00faltimo, la fiesta de la Navidad, que tiene su origen en la celebraci\u00f3n del nacimiento de Cristo, empieza a celebrarse en la v\u00edspera, pero es feriado el 25 de diciembre, que en 2024 cae mi\u00e9rcoles. De esta forma, el \u00faltimo feriado del a\u00f1o va a caer en el medio de la semana, y preparar\u00e1 a los argentinos para celebrar el primer d\u00eda del 2025, que tambi\u00e9n ser\u00e1 mi\u00e9rcoles.<\/p>\n<p>&nbsp;<\/p>\n<p><strong>Listado de pr\u00f3ximos feriados<\/strong><\/p>\n<ul>\n<li>Lunes 18 de noviembre: D\u00eda de la Soberan\u00eda Nacional (trasladado del 20\/11)<\/li>\n<li>Domingo 8 de diciembre: D\u00eda de la Inmaculada Concepci\u00f3n de Mar\u00eda<\/li>\n<li>Mi\u00e9rcoles 25 de diciembre: Navidad<\/li>\n<\/ul>\n","protected":false},"excerpt":{"rendered":"<p>El asueto por el D\u00eda de la Soberan\u00eda Nacional se corri\u00f3 de d\u00eda para tener tres d\u00edas de descanso consecutivos &nbsp; &nbsp; En noviembre hay un fin de semana largo, puesto que el lunes 18 de noviembre es feriado. Se trata de un feriado puente, que es cuando el Gobierno nacional ubica un asueto estrat\u00e9gicamente que haya varios d\u00edas de descanso consecutivos. De esa forma, se busca fomentar el turismo dentro del pa\u00eds. &nbsp; Fin de semana largo: por qu\u00e9 el lunes 18 de noviembre es feriado puente En nuestro&#8230;<\/p>\n","protected":false},"author":3,"featured_media":122212,"comment_status":"closed","ping_status":"closed","sticky":false,"template":"","format":"standard","meta":[],"categories":[2],"tags":[],"_links":{"self":[{"href":"https:\/\/www.actualidadadiario.com\/index.php\/wp-json\/wp\/v2\/posts\/122663"}],"collection":[{"href":"https:\/\/www.actualidadadiario.com\/index.php\/wp-json\/wp\/v2\/posts"}],"about":[{"href":"https:\/\/www.actualidadadiario.com\/index.php\/wp-json\/wp\/v2\/types\/post"}],"author":[{"embeddable":true,"href":"https:\/\/www.actualidadadiario.com\/index.php\/wp-json\/wp\/v2\/users\/3"}],"replies":[{"embeddable":true,"href":"https:\/\/www.actualidadadiario.com\/index.php\/wp-json\/wp\/v2\/comments?post=122663"}],"version-history":[{"count":1,"href":"https:\/\/www.actualidadadiario.com\/index.php\/wp-json\/wp\/v2\/posts\/122663\/revisions"}],"predecessor-version":[{"id":122664,"href":"https:\/\/www.actualidadadiario.com\/index.php\/wp-json\/wp\/v2\/posts\/122663\/revisions\/122664"}],"wp:featuredmedia":[{"embeddable":true,"href":"https:\/\/www.actualidadadiario.com\/index.php\/wp-json\/wp\/v2\/media\/122212"}],"wp:attachment":[{"href":"https:\/\/www.actualidadadiario.com\/index.php\/wp-json\/wp\/v2\/media?parent=122663"}],"wp:term":[{"taxonomy":"category","embeddable":true,"href":"https:\/\/www.actualidadadiario.com\/index.php\/wp-json\/wp\/v2\/categories?post=122663"},{"taxonomy":"post_tag","embeddable":true,"href":"https:\/\/www.actualidadadiario.com\/index.php\/wp-json\/wp\/v2\/tags?post=122663"}],"curies":[{"name":"wp","href":"https:\/\/api.w.org\/{rel}","templated":true}]}}