{"id":122643,"date":"2024-11-13T11:03:56","date_gmt":"2024-11-13T14:03:56","guid":{"rendered":"https:\/\/www.actualidadadiario.com\/?p=122643"},"modified":"2024-11-13T11:03:56","modified_gmt":"2024-11-13T14:03:56","slug":"anuncian-dias-muy-calurosos-y-pronostican-tormentas","status":"publish","type":"post","link":"https:\/\/www.actualidadadiario.com\/index.php\/2024\/11\/13\/anuncian-dias-muy-calurosos-y-pronostican-tormentas\/","title":{"rendered":"Anuncian d\u00edas muy calurosos y pronostican tormentas"},"content":{"rendered":"<p style=\"text-align: center;\"><em><strong>Este mi\u00e9rcoles anuncian 29 grados. Los pr\u00f3ximos d\u00edas suben las temperaturas hasta el s\u00e1bado. \u00bfCu\u00e1ndo vuelven las inestabilidades?<\/strong><\/em><\/p>\n<p>&nbsp;<\/p>\n<p>&nbsp;<\/p>\n<p>El Servicio Meteorol\u00f3gico Nacional \u2013SMN\u2013 informa que este mi\u00e9rcoles 13 de noviembre se presenta con buen tiempo en Entre R\u00edos. El cielo estar\u00e1 mayormente despejado, con algunas nubes, sobre todo de tarde y noche.<\/p>\n<p>La ma\u00f1ana de hoy estar\u00e1 fresca y la tarde m\u00e1s calurosa. Precisamente, se indican temperaturas m\u00ednimas de entre 10 y 12 grados y m\u00e1ximas que podr\u00edan alcanzar entre los 27 y 29 grados en la provincia.<\/p>\n<p>El pron\u00f3stico extendido anticipa que el calor se har\u00e1 sentir con el correr de los d\u00edas. El s\u00e1bado ser\u00e1 el d\u00eda m\u00e1s sofocante. Para esa jornada se esperan posiblemente hasta 36 grados, con sensaciones t\u00e9rmicas superiores.<\/p>\n<p>&nbsp;<\/p>\n<p><strong>Cuando llegan las tormentas y cambia el tiempo<\/strong><\/p>\n<p>El cambio de tiempo llegar\u00e1 el domingo 17 de noviembre. Para ese d\u00eda los meteor\u00f3logos anuncian el regreso de las lluvias y tormentas. Este frente inestable provocar\u00e1 un descenso de m\u00e1s de 10 grados.<\/p>\n<p>El pron\u00f3stico extendido anticipa que el lunes 18 de noviembre, que ser\u00e1 feriado nacional, continuar\u00e1 con elevada nubosidad y se acentuar\u00e1 a\u00fan m\u00e1s el alivio de las temperaturas.<\/p>\n","protected":false},"excerpt":{"rendered":"<p>Este mi\u00e9rcoles anuncian 29 grados. Los pr\u00f3ximos d\u00edas suben las temperaturas hasta el s\u00e1bado. \u00bfCu\u00e1ndo vuelven las inestabilidades? &nbsp; &nbsp; El Servicio Meteorol\u00f3gico Nacional \u2013SMN\u2013 informa que este mi\u00e9rcoles 13 de noviembre se presenta con buen tiempo en Entre R\u00edos. El cielo estar\u00e1 mayormente despejado, con algunas nubes, sobre todo de tarde y noche. La ma\u00f1ana de hoy estar\u00e1 fresca y la tarde m\u00e1s calurosa. Precisamente, se indican temperaturas m\u00ednimas de entre 10 y 12 grados y m\u00e1ximas que podr\u00edan alcanzar entre los 27 y 29 grados en la provincia&#8230;.<\/p>\n","protected":false},"author":3,"featured_media":95002,"comment_status":"closed","ping_status":"closed","sticky":false,"template":"","format":"standard","meta":[],"categories":[15],"tags":[],"_links":{"self":[{"href":"https:\/\/www.actualidadadiario.com\/index.php\/wp-json\/wp\/v2\/posts\/122643"}],"collection":[{"href":"https:\/\/www.actualidadadiario.com\/index.php\/wp-json\/wp\/v2\/posts"}],"about":[{"href":"https:\/\/www.actualidadadiario.com\/index.php\/wp-json\/wp\/v2\/types\/post"}],"author":[{"embeddable":true,"href":"https:\/\/www.actualidadadiario.com\/index.php\/wp-json\/wp\/v2\/users\/3"}],"replies":[{"embeddable":true,"href":"https:\/\/www.actualidadadiario.com\/index.php\/wp-json\/wp\/v2\/comments?post=122643"}],"version-history":[{"count":1,"href":"https:\/\/www.actualidadadiario.com\/index.php\/wp-json\/wp\/v2\/posts\/122643\/revisions"}],"predecessor-version":[{"id":122644,"href":"https:\/\/www.actualidadadiario.com\/index.php\/wp-json\/wp\/v2\/posts\/122643\/revisions\/122644"}],"wp:featuredmedia":[{"embeddable":true,"href":"https:\/\/www.actualidadadiario.com\/index.php\/wp-json\/wp\/v2\/media\/95002"}],"wp:attachment":[{"href":"https:\/\/www.actualidadadiario.com\/index.php\/wp-json\/wp\/v2\/media?parent=122643"}],"wp:term":[{"taxonomy":"category","embeddable":true,"href":"https:\/\/www.actualidadadiario.com\/index.php\/wp-json\/wp\/v2\/categories?post=122643"},{"taxonomy":"post_tag","embeddable":true,"href":"https:\/\/www.actualidadadiario.com\/index.php\/wp-json\/wp\/v2\/tags?post=122643"}],"curies":[{"name":"wp","href":"https:\/\/api.w.org\/{rel}","templated":true}]}}