{"id":122638,"date":"2024-11-13T11:01:47","date_gmt":"2024-11-13T14:01:47","guid":{"rendered":"https:\/\/www.actualidadadiario.com\/?p=122638"},"modified":"2024-11-13T11:01:47","modified_gmt":"2024-11-13T14:01:47","slug":"paritaria-salarial-docente-el-acuerdo-se-firmara-el-viernes","status":"publish","type":"post","link":"https:\/\/www.actualidadadiario.com\/index.php\/2024\/11\/13\/paritaria-salarial-docente-el-acuerdo-se-firmara-el-viernes\/","title":{"rendered":"Paritaria salarial docente: El acuerdo se firmar\u00e1 el viernes"},"content":{"rendered":"<p style=\"text-align: center;\"><em><strong>En principio estaba previsto para este mi\u00e9rcoles una nueva audiencia entre los gremios docentes y Gobierno provincial en el marco de la paritaria salarial. Sin embargo, por cuestiones de agenda, pas\u00f3 para el viernes. Ese d\u00eda se firmar\u00e1 el acuerdo paritario, luego de que el Congreso de Agmer resolviera aceptar la oferta salarial, declar\u00e1ndola insuficiente<\/strong><\/em><\/p>\n<p>&nbsp;<\/p>\n<p>&nbsp;<\/p>\n<p>La Asociaci\u00f3n del Magisterio de Entre R\u00edos (Agmer), la Asociaci\u00f3n del Magisterio de Ense\u00f1anza T\u00e9cnica (AMET), el Sindicato Argentino de Docentes Privados (Sadop) y la Uni\u00f3n Docentes Argentinos (UDA) volver\u00e1n a reunirse en paritaria con el Gobierno provincial el viernes 15 de noviembre en la Secretar\u00eda de Trabajo, para rubricar el acuerdo salarial.<\/p>\n<p>La postergaci\u00f3n del encuentro se relacionar\u00eda con cuestiones de agenda de la presidenta del Consejo General de Educaci\u00f3n (CGE), Alicia Fregonese.<\/p>\n<p>De todos modos, y aunque a\u00fan reste la aceptaci\u00f3n formal y la r\u00fabrica del acta acuerdo, el aumento ser\u00eda liquidado desde el jueves.<\/p>\n<p>&nbsp;<\/p>\n<p><strong>Cabe recordar que la oferta salarial se conforme a los siguientes puntos:<\/strong><\/p>\n<p>-Incluir el pago de las \u00faltimas dos cuotas previstas, del 6,55 por ciento remunerativo para recomponer las p\u00e9rdidas del desfasaje del primer semestre, con los haberes de noviembre. Lo que, sumado a la cobertura contra la inflaci\u00f3n por \u00cdndice de Precios al Consumidor (IPC), redundar\u00e1 en un aumento superior.<\/p>\n<p>-Cambiar la base de c\u00e1lculo al mes de octubre de 2024 para la liquidaci\u00f3n de los haberes de noviembre y diciembre de este a\u00f1o.<\/p>\n<p>-Garantizar la cobertura contra la inflaci\u00f3n con una actualizaci\u00f3n mes a mes, seg\u00fan el IPC del mes anterior, para el primer semestre de 2025.<\/p>\n<p>-A partir del mes de febrero de 2025, modificar la base de c\u00e1lculo al mes de enero de 2025.<\/p>\n<p>-A partir de febrero de 2025, pagar la diferencia del desfasaje producido entre las pautas salariales y la inflaci\u00f3n del segundo semestre de 2024 e IPC mensual en base a enero de 2025 para el pago mensual.<\/p>\n<p>-Liberar los topes del c\u00f3digo 029, de compensaci\u00f3n por traslado, a partir de 2025.<\/p>\n<p>&nbsp;<\/p>\n<p><strong>Aceptaci\u00f3n de Agmer<\/strong><\/p>\n<p>El gremio docente mayoritario se reuni\u00f3 en Congreso el martes, donde aceptaron la propuesta salarial presentada por el Ejecutivo provincial, declar\u00e1ndola insuficiente.<\/p>\n<p>&nbsp;<\/p>\n<p><strong>Durante el c\u00f3nclave tambi\u00e9n se resolvieron los siguientes puntos:<\/strong><\/p>\n<p>-Mantener la paritaria salarial abierta y que pase a un cuarto intermedio hasta no m\u00e1s all\u00e1 del 7 de febrero del 2025 para que: D\u00e9 tratamiento a la p\u00e9rdida sufrida en nuestros salarios a diciembre del a\u00f1o 2023 y determine los puntos y la forma de abonar los mismos para que nuestros salarios se ubiquen por encima de la inflaci\u00f3n en los primeros seis meses del a\u00f1o 2025.<\/p>\n<p>-Establezca acciones concretas que permitan corregir el achatamiento salarial.<\/p>\n<p>-Exigir la devoluci\u00f3n inmediata de los d\u00edas descontados por realizar paros.<\/p>\n<p>-Solicitar a la patronal que se abstenga de realizar descuentos por ejercer el derecho constitucional de todo trabajador y trabajador a realizar huelga.<\/p>\n","protected":false},"excerpt":{"rendered":"<p>En principio estaba previsto para este mi\u00e9rcoles una nueva audiencia entre los gremios docentes y Gobierno provincial en el marco de la paritaria salarial. Sin embargo, por cuestiones de agenda, pas\u00f3 para el viernes. Ese d\u00eda se firmar\u00e1 el acuerdo paritario, luego de que el Congreso de Agmer resolviera aceptar la oferta salarial, declar\u00e1ndola insuficiente &nbsp; &nbsp; La Asociaci\u00f3n del Magisterio de Entre R\u00edos (Agmer), la Asociaci\u00f3n del Magisterio de Ense\u00f1anza T\u00e9cnica (AMET), el Sindicato Argentino de Docentes Privados (Sadop) y la Uni\u00f3n Docentes Argentinos (UDA) volver\u00e1n a reunirse en&#8230;<\/p>\n","protected":false},"author":3,"featured_media":122466,"comment_status":"closed","ping_status":"closed","sticky":false,"template":"","format":"standard","meta":[],"categories":[15],"tags":[],"_links":{"self":[{"href":"https:\/\/www.actualidadadiario.com\/index.php\/wp-json\/wp\/v2\/posts\/122638"}],"collection":[{"href":"https:\/\/www.actualidadadiario.com\/index.php\/wp-json\/wp\/v2\/posts"}],"about":[{"href":"https:\/\/www.actualidadadiario.com\/index.php\/wp-json\/wp\/v2\/types\/post"}],"author":[{"embeddable":true,"href":"https:\/\/www.actualidadadiario.com\/index.php\/wp-json\/wp\/v2\/users\/3"}],"replies":[{"embeddable":true,"href":"https:\/\/www.actualidadadiario.com\/index.php\/wp-json\/wp\/v2\/comments?post=122638"}],"version-history":[{"count":1,"href":"https:\/\/www.actualidadadiario.com\/index.php\/wp-json\/wp\/v2\/posts\/122638\/revisions"}],"predecessor-version":[{"id":122639,"href":"https:\/\/www.actualidadadiario.com\/index.php\/wp-json\/wp\/v2\/posts\/122638\/revisions\/122639"}],"wp:featuredmedia":[{"embeddable":true,"href":"https:\/\/www.actualidadadiario.com\/index.php\/wp-json\/wp\/v2\/media\/122466"}],"wp:attachment":[{"href":"https:\/\/www.actualidadadiario.com\/index.php\/wp-json\/wp\/v2\/media?parent=122638"}],"wp:term":[{"taxonomy":"category","embeddable":true,"href":"https:\/\/www.actualidadadiario.com\/index.php\/wp-json\/wp\/v2\/categories?post=122638"},{"taxonomy":"post_tag","embeddable":true,"href":"https:\/\/www.actualidadadiario.com\/index.php\/wp-json\/wp\/v2\/tags?post=122638"}],"curies":[{"name":"wp","href":"https:\/\/api.w.org\/{rel}","templated":true}]}}