{"id":122636,"date":"2024-11-13T11:01:06","date_gmt":"2024-11-13T14:01:06","guid":{"rendered":"https:\/\/www.actualidadadiario.com\/?p=122636"},"modified":"2024-11-13T11:01:06","modified_gmt":"2024-11-13T14:01:06","slug":"iosper-afirma-que-esta-al-dia-con-el-pago-a-los-medicos","status":"publish","type":"post","link":"https:\/\/www.actualidadadiario.com\/index.php\/2024\/11\/13\/iosper-afirma-que-esta-al-dia-con-el-pago-a-los-medicos\/","title":{"rendered":"IOSPER afirma que est\u00e1 al d\u00eda con el pago a los m\u00e9dicos"},"content":{"rendered":"<p style=\"text-align: center;\"><em><strong>El Instituto de Obra Social de la Provincia de Entre R\u00edos (Iosper) llam\u00f3 a \u201creflexionar\u201d a la Federaci\u00f3n M\u00e9dica de Entre R\u00edos tras el reclamo de la entidad profesional por el atraso arancelario de la obra social. La FEMER expres\u00f3 este martes su \u201cdisconformidad sobre los honorarios y tiempos de pago de las internaciones\u201d y adelant\u00f3 que este mi\u00e9rcoles podr\u00eda definir un \u201cplan de acci\u00f3n\u201d en internaciones<\/strong><\/em><\/p>\n<p>&nbsp;<\/p>\n<p>&nbsp;<\/p>\n<p>\u201cDe continuar la actual situaci\u00f3n se volver\u00e1 complicado mantener la normal prestaci\u00f3n de servicios a los afiliados de IOSPER\u201d, alertaron los m\u00e9dicos.<\/p>\n<p>En respuesta, el presidente del IOSPER, Fernando Ca\u00f1ete, cuestion\u00f3 que \u201cel gremio m\u00e9dico imita el accionar de algunos anestesistas y pretende conseguir incrementos superiores a los dem\u00e1s prestadores\u201d. Y se\u00f1al\u00f3 que sobre la inflaci\u00f3n acumulada del a\u00f1o, que fue del 107%, la prestadora de salud otorg\u00f3 a los profesionales en el mismo lapso el 108%. Tambi\u00e9n record\u00f3 lo mismo en relaci\u00f3n a 2023: \u201cla inflaci\u00f3n fue 94,8% y el IOSPER les otorg\u00f3 el 99% de aumento\u201d, dijo.<\/p>\n<p>El funcionario aclar\u00f3 que los reclamos son \u201cdesmedidos\u201d y alert\u00f3: \u201cHay un sector del gremio m\u00e9dico, algunos m\u00e9dicos cirujanos, que est\u00e1n mirando con mucho agrado la actitud que tienen algunos anestesistas de cobrar a los alica\u00eddos bolsillos de los trabajadores e imitar el corte de servicios. Ese es el compromiso social que tienen\u201d, ironiz\u00f3.<\/p>\n<p>Ca\u00f1ete agreg\u00f3 que IOSPER \u201cno tiene los aranceles retra\u00eddos. No hemos cambiado la fecha de pago. Lo \u00fanico que pretenden es tener legalidad ante la actitud de algunos que buscan cobrar m\u00e1s de lo que est\u00e1n percibiendo\u201d.<\/p>\n<p>Y finaliz\u00f3: \u201cEl profesional m\u00e9dico que no quiera trabajar m\u00e1s con IOSPER deber\u00e1 expresarlo claramente, as\u00ed nuestros afiliados no son rehenes\u201d.<\/p>\n","protected":false},"excerpt":{"rendered":"<p>El Instituto de Obra Social de la Provincia de Entre R\u00edos (Iosper) llam\u00f3 a \u201creflexionar\u201d a la Federaci\u00f3n M\u00e9dica de Entre R\u00edos tras el reclamo de la entidad profesional por el atraso arancelario de la obra social. La FEMER expres\u00f3 este martes su \u201cdisconformidad sobre los honorarios y tiempos de pago de las internaciones\u201d y adelant\u00f3 que este mi\u00e9rcoles podr\u00eda definir un \u201cplan de acci\u00f3n\u201d en internaciones &nbsp; &nbsp; \u201cDe continuar la actual situaci\u00f3n se volver\u00e1 complicado mantener la normal prestaci\u00f3n de servicios a los afiliados de IOSPER\u201d, alertaron los&#8230;<\/p>\n","protected":false},"author":3,"featured_media":48799,"comment_status":"closed","ping_status":"closed","sticky":false,"template":"","format":"standard","meta":[],"categories":[15],"tags":[],"_links":{"self":[{"href":"https:\/\/www.actualidadadiario.com\/index.php\/wp-json\/wp\/v2\/posts\/122636"}],"collection":[{"href":"https:\/\/www.actualidadadiario.com\/index.php\/wp-json\/wp\/v2\/posts"}],"about":[{"href":"https:\/\/www.actualidadadiario.com\/index.php\/wp-json\/wp\/v2\/types\/post"}],"author":[{"embeddable":true,"href":"https:\/\/www.actualidadadiario.com\/index.php\/wp-json\/wp\/v2\/users\/3"}],"replies":[{"embeddable":true,"href":"https:\/\/www.actualidadadiario.com\/index.php\/wp-json\/wp\/v2\/comments?post=122636"}],"version-history":[{"count":1,"href":"https:\/\/www.actualidadadiario.com\/index.php\/wp-json\/wp\/v2\/posts\/122636\/revisions"}],"predecessor-version":[{"id":122637,"href":"https:\/\/www.actualidadadiario.com\/index.php\/wp-json\/wp\/v2\/posts\/122636\/revisions\/122637"}],"wp:featuredmedia":[{"embeddable":true,"href":"https:\/\/www.actualidadadiario.com\/index.php\/wp-json\/wp\/v2\/media\/48799"}],"wp:attachment":[{"href":"https:\/\/www.actualidadadiario.com\/index.php\/wp-json\/wp\/v2\/media?parent=122636"}],"wp:term":[{"taxonomy":"category","embeddable":true,"href":"https:\/\/www.actualidadadiario.com\/index.php\/wp-json\/wp\/v2\/categories?post=122636"},{"taxonomy":"post_tag","embeddable":true,"href":"https:\/\/www.actualidadadiario.com\/index.php\/wp-json\/wp\/v2\/tags?post=122636"}],"curies":[{"name":"wp","href":"https:\/\/api.w.org\/{rel}","templated":true}]}}