{"id":122633,"date":"2024-11-13T11:00:27","date_gmt":"2024-11-13T14:00:27","guid":{"rendered":"https:\/\/www.actualidadadiario.com\/?p=122633"},"modified":"2024-11-13T11:00:27","modified_gmt":"2024-11-13T14:00:27","slug":"imputacion-a-enersa-el-epre-y-fiscalia-de-estado-estan-obligados-a-expedirse","status":"publish","type":"post","link":"https:\/\/www.actualidadadiario.com\/index.php\/2024\/11\/13\/imputacion-a-enersa-el-epre-y-fiscalia-de-estado-estan-obligados-a-expedirse\/","title":{"rendered":"Imputaci\u00f3n a ENERSA: El EPRE y Fiscal\u00eda de Estado, est\u00e1n obligados a expedirse"},"content":{"rendered":"<p style=\"text-align: center;\"><em><strong>No todas las distribuidoras de energ\u00eda del pa\u00eds que han sido imputadas por incluir en su facturaci\u00f3n el cobro de la tasa de alumbrado y otras contribuciones municipales han recibido la comunicaci\u00f3n formal, a partir de la cual se activa el plazo de 5 d\u00edas h\u00e1biles para responder<\/strong><\/em><\/p>\n<p>&nbsp;<\/p>\n<p>&nbsp;<\/p>\n<p>Por caso, hasta este martes por la tarde, la Cooperativa El\u00e9ctrica de Concordia segu\u00eda a la espera.<\/p>\n<p>Distinta es la situaci\u00f3n de ENERSA, que ya tiene en su poder la carta documento y dise\u00f1a la estrategia defensiva.<\/p>\n<p>Tal como trascendi\u00f3 en los medios, a la distribuidora entrerriana \u2013al igual que muchas otras a lo largo y ancho del pa\u00eds- se le atribuye la presunta infracci\u00f3n al art\u00edculo 1 de la Resoluci\u00f3n N\u00b0 267\/2024 de la Secretaria de Industria y Comercio de la Naci\u00f3n, dado que habr\u00eda facturado a todos sus clientes de su jurisdicci\u00f3n, en el mismo documento, sumas o conceptos ajenos a la prestaci\u00f3n del servicio contratado por los usuarios, a saber: \u201cTasa Municipal CV 16.00%\u201d y \u201cCONTRIBUCI\u00d3N MUNICIPAL 8.6956%\u201d.<\/p>\n<p>Pero el texto que lleg\u00f3 a manos de los abogados de ENERSA tambi\u00e9n incluye una advertencia acerca de lo que ocurra de ac\u00e1 en m\u00e1s. En efecto, se le hace saber que, a partir de la notificaci\u00f3n, deber\u00e1 abstenerse de continuar facturando en un mismo documento, junto con el servicio contratado por el consumidor, sumas o conceptos ajenos a dicho servicio \u201chasta la conclusi\u00f3n del presente sumario. Ello bajo apercibimiento de proceder a realizar la denuncia penal por el presunto delito de desobediencia en los t\u00e9rminos del art. 239 del C\u00f3digo Penal\u201d.<\/p>\n<p>La imputaci\u00f3n no s\u00f3lo insta a la distribuidora a hacer su descargo dentro del plazo de 5 d\u00edas h\u00e1biles sino que tambi\u00e9n le exige \u201cacreditar las medidas que adopte en cumplimiento de la medida cautelar dispuesta\u201d.<\/p>\n<p>&nbsp;<\/p>\n<p><strong>La respuesta que prepara ENERSA<\/strong><\/p>\n<p>La empresa provincial de energ\u00eda de Entre R\u00edos trabaja contra reloj para responder la imputaci\u00f3n. Seg\u00fan pudo saber El Entre R\u00edos, la firma defender\u00e1 \u201cla jurisdicci\u00f3n provincial respecto de la distribuci\u00f3n y comercializaci\u00f3n del servicio de energ\u00eda el\u00e9ctrica\u201d y, a su vez, comunicar\u00e1 a la Direcci\u00f3n Nacional de Defensa del Consumidor y Arbitraje del Consumo \u201cla imposibilidad material de dar cumplimiento a la medida cautelar\u201d que le proh\u00edbe seguir incluyendo tasa de alumbrado y contribuci\u00f3n municipal en las pr\u00f3ximas facturas que emita.<\/p>\n<p>ENERSA se apresta tambi\u00e9n a comunicar formalmente al EPRE respecto de la imputaci\u00f3n pidi\u00e9ndole que se expida \u201crespecto del alcance y aplicaci\u00f3n de la Resoluci\u00f3n 267\/2024 a ENERSA\u201d.<\/p>\n<p>Tambi\u00e9n elevar\u00e1 una consulta a Fiscal\u00eda de Estado con el mismo fin: que su titular, Julio Rodr\u00edguez Signes se expida sobre la Resoluci\u00f3n 267 y su presunta aplicaci\u00f3n a ENERSA.<\/p>\n<p>Adem\u00e1s, la empresa provincial estar\u00eda preparando una presentaci\u00f3n ante la Justicia pidiendo una \u201cmedida cautelar\u201d que contrarreste la ya existente, donde no solo insistir\u00eda con la jurisdicci\u00f3n provincial respecto de la distribuci\u00f3n y comercializaci\u00f3n del servicio de energ\u00eda el\u00e9ctrica, sino que adem\u00e1s expondr\u00eda \u201cla imposibilidad material de cumplimentar de manera inmediata\u201d con la exigencia de abstenerse de aqu\u00ed en m\u00e1s de incluir en la facturaci\u00f3n tasas y contribuciones.<\/p>\n","protected":false},"excerpt":{"rendered":"<p>No todas las distribuidoras de energ\u00eda del pa\u00eds que han sido imputadas por incluir en su facturaci\u00f3n el cobro de la tasa de alumbrado y otras contribuciones municipales han recibido la comunicaci\u00f3n formal, a partir de la cual se activa el plazo de 5 d\u00edas h\u00e1biles para responder &nbsp; &nbsp; Por caso, hasta este martes por la tarde, la Cooperativa El\u00e9ctrica de Concordia segu\u00eda a la espera. Distinta es la situaci\u00f3n de ENERSA, que ya tiene en su poder la carta documento y dise\u00f1a la estrategia defensiva. Tal como trascendi\u00f3&#8230;<\/p>\n","protected":false},"author":3,"featured_media":122634,"comment_status":"closed","ping_status":"closed","sticky":false,"template":"","format":"standard","meta":[],"categories":[15],"tags":[],"_links":{"self":[{"href":"https:\/\/www.actualidadadiario.com\/index.php\/wp-json\/wp\/v2\/posts\/122633"}],"collection":[{"href":"https:\/\/www.actualidadadiario.com\/index.php\/wp-json\/wp\/v2\/posts"}],"about":[{"href":"https:\/\/www.actualidadadiario.com\/index.php\/wp-json\/wp\/v2\/types\/post"}],"author":[{"embeddable":true,"href":"https:\/\/www.actualidadadiario.com\/index.php\/wp-json\/wp\/v2\/users\/3"}],"replies":[{"embeddable":true,"href":"https:\/\/www.actualidadadiario.com\/index.php\/wp-json\/wp\/v2\/comments?post=122633"}],"version-history":[{"count":1,"href":"https:\/\/www.actualidadadiario.com\/index.php\/wp-json\/wp\/v2\/posts\/122633\/revisions"}],"predecessor-version":[{"id":122635,"href":"https:\/\/www.actualidadadiario.com\/index.php\/wp-json\/wp\/v2\/posts\/122633\/revisions\/122635"}],"wp:featuredmedia":[{"embeddable":true,"href":"https:\/\/www.actualidadadiario.com\/index.php\/wp-json\/wp\/v2\/media\/122634"}],"wp:attachment":[{"href":"https:\/\/www.actualidadadiario.com\/index.php\/wp-json\/wp\/v2\/media?parent=122633"}],"wp:term":[{"taxonomy":"category","embeddable":true,"href":"https:\/\/www.actualidadadiario.com\/index.php\/wp-json\/wp\/v2\/categories?post=122633"},{"taxonomy":"post_tag","embeddable":true,"href":"https:\/\/www.actualidadadiario.com\/index.php\/wp-json\/wp\/v2\/tags?post=122633"}],"curies":[{"name":"wp","href":"https:\/\/api.w.org\/{rel}","templated":true}]}}