{"id":122630,"date":"2024-11-13T10:59:09","date_gmt":"2024-11-13T13:59:09","guid":{"rendered":"https:\/\/www.actualidadadiario.com\/?p=122630"},"modified":"2024-11-13T10:59:09","modified_gmt":"2024-11-13T13:59:09","slug":"el-gobierno-provincial-licito-la-compra-de-300-mil-con-fondos-propios-ya-que-nacion-tambien-recorto-el-envio-de-preservativos","status":"publish","type":"post","link":"https:\/\/www.actualidadadiario.com\/index.php\/2024\/11\/13\/el-gobierno-provincial-licito-la-compra-de-300-mil-con-fondos-propios-ya-que-nacion-tambien-recorto-el-envio-de-preservativos\/","title":{"rendered":"El gobierno provincial licit\u00f3 la compra de 300 mil con fondos propios ya que Naci\u00f3n tambi\u00e9n recort\u00f3 el env\u00edo de preservativos"},"content":{"rendered":"<p style=\"text-align: center;\"><em><strong>El gobierno de Javier Milei no s\u00f3lo dej\u00f3 a las provincias sin el FONID para los docentes o los subsidios para el transporte. Hay otras partidas, de menor relevancia, donde la historia se repite: se han cortado o reducido a su m\u00ednima expresi\u00f3n los env\u00edos al interior<\/strong><\/em><\/p>\n<p>&nbsp;<\/p>\n<p>&nbsp;<\/p>\n<p>En el Bolet\u00edn Oficial de Entre R\u00edos, edici\u00f3n del 11 de noviembre, puede leerse el Decreto 3037\/24 del Ministerio de Salud referido al \u201cPROGRAMA PROVINCIAL DE VIH\/ETS\u201d.<\/p>\n<p>En el art\u00edculo primero, la norma, firmada por el gobernador Rogelio Frigerio y el Ministro de Salud Carlos Grieve, autoriza a la Direcci\u00f3n de Contrataciones del Ministerio de Salud a realizar un llamado a Licitaci\u00f3n P\u00fablica, destinado a la compra de \u201cTRESCIENTOS MIL (300.000) preservativos con destino al PROGRAMA PROVINCIAL DE VIH\/ETS del MINISTERIO DE SALUD, por la suma estimada de PESOS CIENTO CINCUENTA Y CUATRO MILLONES OCHOCIENTOS MIL ($ 154.800.000,00)\u201d.<\/p>\n<p>En los considerandos del decreto surge con claridad las razones invocadas por la gesti\u00f3n provincial para salir a comprar los profil\u00e1cticos. \u201cLo solicitado obedece \u2013dice- a la necesidad de evitar la interrupci\u00f3n en las tareas de prevenci\u00f3n de VIH y dem\u00e1s ITS en lo que resta del a\u00f1o, ya que la Coordinaci\u00f3n de Respuesta Integral de VIH, Hepatitis Virales y TBC entrega una cantidad aproximada de SESENTA MIL (60.000) preservativos en todo el territorio de la provincia, los cuales originalmente eran provistos por el Programa Nacional VIH\/SIDA de la Naci\u00f3n, pero actualmente dicha entrega se ha visto mermada sin contar con la seguridad de futuros env\u00edos en tiempo y forma\u201d.<\/p>\n","protected":false},"excerpt":{"rendered":"<p>El gobierno de Javier Milei no s\u00f3lo dej\u00f3 a las provincias sin el FONID para los docentes o los subsidios para el transporte. Hay otras partidas, de menor relevancia, donde la historia se repite: se han cortado o reducido a su m\u00ednima expresi\u00f3n los env\u00edos al interior &nbsp; &nbsp; En el Bolet\u00edn Oficial de Entre R\u00edos, edici\u00f3n del 11 de noviembre, puede leerse el Decreto 3037\/24 del Ministerio de Salud referido al \u201cPROGRAMA PROVINCIAL DE VIH\/ETS\u201d. En el art\u00edculo primero, la norma, firmada por el gobernador Rogelio Frigerio y el&#8230;<\/p>\n","protected":false},"author":3,"featured_media":122631,"comment_status":"closed","ping_status":"closed","sticky":false,"template":"","format":"standard","meta":[],"categories":[15],"tags":[],"_links":{"self":[{"href":"https:\/\/www.actualidadadiario.com\/index.php\/wp-json\/wp\/v2\/posts\/122630"}],"collection":[{"href":"https:\/\/www.actualidadadiario.com\/index.php\/wp-json\/wp\/v2\/posts"}],"about":[{"href":"https:\/\/www.actualidadadiario.com\/index.php\/wp-json\/wp\/v2\/types\/post"}],"author":[{"embeddable":true,"href":"https:\/\/www.actualidadadiario.com\/index.php\/wp-json\/wp\/v2\/users\/3"}],"replies":[{"embeddable":true,"href":"https:\/\/www.actualidadadiario.com\/index.php\/wp-json\/wp\/v2\/comments?post=122630"}],"version-history":[{"count":1,"href":"https:\/\/www.actualidadadiario.com\/index.php\/wp-json\/wp\/v2\/posts\/122630\/revisions"}],"predecessor-version":[{"id":122632,"href":"https:\/\/www.actualidadadiario.com\/index.php\/wp-json\/wp\/v2\/posts\/122630\/revisions\/122632"}],"wp:featuredmedia":[{"embeddable":true,"href":"https:\/\/www.actualidadadiario.com\/index.php\/wp-json\/wp\/v2\/media\/122631"}],"wp:attachment":[{"href":"https:\/\/www.actualidadadiario.com\/index.php\/wp-json\/wp\/v2\/media?parent=122630"}],"wp:term":[{"taxonomy":"category","embeddable":true,"href":"https:\/\/www.actualidadadiario.com\/index.php\/wp-json\/wp\/v2\/categories?post=122630"},{"taxonomy":"post_tag","embeddable":true,"href":"https:\/\/www.actualidadadiario.com\/index.php\/wp-json\/wp\/v2\/tags?post=122630"}],"curies":[{"name":"wp","href":"https:\/\/api.w.org\/{rel}","templated":true}]}}