{"id":12263,"date":"2017-05-30T10:25:37","date_gmt":"2017-05-30T13:25:37","guid":{"rendered":"http:\/\/actualidadadiario.com\/site\/?p=12263"},"modified":"2017-05-30T10:25:37","modified_gmt":"2017-05-30T13:25:37","slug":"presentan-avales-para-que-randazzo-compita-en-las-paso","status":"publish","type":"post","link":"https:\/\/www.actualidadadiario.com\/index.php\/2017\/05\/30\/presentan-avales-para-que-randazzo-compita-en-las-paso\/","title":{"rendered":"Presentan avales para que Randazzo compita en las PASO"},"content":{"rendered":"<p><em><strong>El espacio que impulsa la candidatura del ex ministro de Interior y Transporte, Florencio Randazzo, presentar\u00e1, en conferencia de prensa, los avales que le permitir\u00e1n competir en las elecciones Primarias Abiertas Simult\u00e1neas y Obligatorias (PASO), dentro del Partido Justicialista<\/strong><\/em><\/p>\n<p>&nbsp;<\/p>\n<p>&nbsp;<\/p>\n<p>&nbsp;<\/p>\n<p>&nbsp;<\/p>\n<p>&nbsp;<\/p>\n<p>&nbsp;<\/p>\n<p>Ser\u00e1 a las 11 en el Centro Cultural Sanidad, ubicado en Venezuela 2255. All\u00ed, el jefe de campa\u00f1a de Randazzo, el exministro Alberto Fern\u00e1ndez, acompa\u00f1ado por los responsables de la ingenier\u00eda electoral de dicho espacio pol\u00edtico, ser\u00e1n los encargados de dar los detalles sobre la presentaci\u00f3n que se realizar\u00e1 en el \u00e1mbito partidario.<\/p>\n<p>&nbsp;<\/p>\n<p>La presentaci\u00f3n de avales es un requisito exigido por la Ley 26.571 que cre\u00f3 las PASO, por lo que cumplido ese requerimiento Randazzo quedar\u00e1 habilitado para participar como precandidato a senador nacional en la elecci\u00f3n de agosto, a pesar de que el kirchnerismo insiste en la conformaci\u00f3n de una lista de unidad.<\/p>\n<p>&nbsp;<\/p>\n<p>El espacio pol\u00edtico que impulsa la candidatura del exministro del Interior y Transporte presentar\u00e1 avales por los 135 distritos de la Provincia de Buenos Aires, lo cual permitir\u00e1 que haya representantes de dicho espacio tanto en el orden local, como provincial y nacional en los pr\u00f3ximos comicios en todo el territorio bonaerense.<\/p>\n<p>&nbsp;<\/p>\n<p>La presentaci\u00f3n de avales es un requisito exigido por la Ley 26.571 que cre\u00f3 las PASO. Cumplido ese requerimiento, Randazzo quedar\u00e1 habilitado para participar como precandidato en la elecci\u00f3n de agosto.<\/p>\n","protected":false},"excerpt":{"rendered":"<p>El espacio que impulsa la candidatura del ex ministro de Interior y Transporte, Florencio Randazzo, presentar\u00e1, en conferencia de prensa, los avales que le permitir\u00e1n competir en las elecciones Primarias Abiertas Simult\u00e1neas y Obligatorias (PASO), dentro del Partido Justicialista &nbsp; &nbsp; &nbsp; &nbsp; &nbsp; &nbsp; Ser\u00e1 a las 11 en el Centro Cultural Sanidad, ubicado en Venezuela 2255. All\u00ed, el jefe de campa\u00f1a de Randazzo, el exministro Alberto Fern\u00e1ndez, acompa\u00f1ado por los responsables de la ingenier\u00eda electoral de dicho espacio pol\u00edtico, ser\u00e1n los encargados de dar los detalles sobre la&#8230;<\/p>\n","protected":false},"author":3,"featured_media":12264,"comment_status":"closed","ping_status":"closed","sticky":false,"template":"","format":"standard","meta":[],"categories":[18],"tags":[],"_links":{"self":[{"href":"https:\/\/www.actualidadadiario.com\/index.php\/wp-json\/wp\/v2\/posts\/12263"}],"collection":[{"href":"https:\/\/www.actualidadadiario.com\/index.php\/wp-json\/wp\/v2\/posts"}],"about":[{"href":"https:\/\/www.actualidadadiario.com\/index.php\/wp-json\/wp\/v2\/types\/post"}],"author":[{"embeddable":true,"href":"https:\/\/www.actualidadadiario.com\/index.php\/wp-json\/wp\/v2\/users\/3"}],"replies":[{"embeddable":true,"href":"https:\/\/www.actualidadadiario.com\/index.php\/wp-json\/wp\/v2\/comments?post=12263"}],"version-history":[{"count":1,"href":"https:\/\/www.actualidadadiario.com\/index.php\/wp-json\/wp\/v2\/posts\/12263\/revisions"}],"predecessor-version":[{"id":12265,"href":"https:\/\/www.actualidadadiario.com\/index.php\/wp-json\/wp\/v2\/posts\/12263\/revisions\/12265"}],"wp:featuredmedia":[{"embeddable":true,"href":"https:\/\/www.actualidadadiario.com\/index.php\/wp-json\/wp\/v2\/media\/12264"}],"wp:attachment":[{"href":"https:\/\/www.actualidadadiario.com\/index.php\/wp-json\/wp\/v2\/media?parent=12263"}],"wp:term":[{"taxonomy":"category","embeddable":true,"href":"https:\/\/www.actualidadadiario.com\/index.php\/wp-json\/wp\/v2\/categories?post=12263"},{"taxonomy":"post_tag","embeddable":true,"href":"https:\/\/www.actualidadadiario.com\/index.php\/wp-json\/wp\/v2\/tags?post=12263"}],"curies":[{"name":"wp","href":"https:\/\/api.w.org\/{rel}","templated":true}]}}