{"id":122627,"date":"2024-11-13T10:56:20","date_gmt":"2024-11-13T13:56:20","guid":{"rendered":"https:\/\/www.actualidadadiario.com\/?p=122627"},"modified":"2024-11-13T10:56:37","modified_gmt":"2024-11-13T13:56:37","slug":"el-pliego-de-condiciones-de-frigerio-para-un-acuerdo-con-la-libertad-avanza","status":"publish","type":"post","link":"https:\/\/www.actualidadadiario.com\/index.php\/2024\/11\/13\/el-pliego-de-condiciones-de-frigerio-para-un-acuerdo-con-la-libertad-avanza\/","title":{"rendered":"El pliego de condiciones de Frigerio para un acuerdo con La Libertad Avanza"},"content":{"rendered":"<p style=\"text-align: center;\"><em><strong>El gobernador planta las bases para un nuevo frente electoral con libertarios y peronistas desencantados. Las asperezas a pulir con Javier Milei<\/strong><\/em><\/p>\n<p>&nbsp;<\/p>\n<p>&nbsp;<\/p>\n<p>Rogelio Frigerio abri\u00f3 el juego en Entre R\u00edos para empezar a consolidar un acuerdo electoral con La Libertad Avanza. Si bien no es la primera vez que desliza esa posibilidad, en las \u00faltimas horas mand\u00f3 mensajes con destinatarios m\u00faltiples: su armado incluye a libertarios y peronistas desencantados sin tributos directos en la provincia.<\/p>\n<p>En la Casa Gris aseguran que las conversaciones electorales con LLA no se retomaron desde aquel encuentro con Karina Milei, en el que s\u00ed hablaron del 2025. No obstante, reconocen que lo que se afianz\u00f3 fue la voluntad de avanzar en un armado com\u00fan con quienes comparten un mismo diagn\u00f3stico: para el a\u00f1o que viene la coalici\u00f3n del cambio debe sostenerse. Lo desliz\u00f3 el gobernador en la entrevista que le dio al diario La Naci\u00f3n el domingo y lo confirmaron a Letra P algunos de sus voceros. La estrategia debe ser ir en conjunto ante la evidencia de que el electorado es compartido al 100%.<\/p>\n<p>&nbsp;<\/p>\n<p><strong>El pliego de condiciones para un acuerdo con La Libertad Avanza<\/strong><\/p>\n<p>Compartido el diagn\u00f3stico, la disputa es por la estrategia. En el entorno de Frigerio analizan la posibilidad de armar un nuevo frente electoral, con nombre a estrenar, que contenga a LLA, a Juntos por Entre R\u00edos y a peronistas que acompa\u00f1an la gesti\u00f3n provincial. En este \u00faltimo grupo incluyen tanto a los referentes que hicieron p\u00fablico su apoyo como a intendentes en gesti\u00f3n que en privado respaldan al gobernador.<\/p>\n<p>El pliego de condiciones incluye un punto nuclear: que el acuerdo tenga sustento y desarrollo territorial. Es decir, que no los una solamente el espanto por el universo K. En esa l\u00ednea, un funcionario advirti\u00f3 que, a diferencia de Buenos Aires, en Entre R\u00edos est\u00e1 muy consolidada la alianza gobernante y que ese punto ser\u00e1 determinante para pararse en las negociaciones. \u201cAc\u00e1 no es el PRO, ac\u00e1 es Juntos el que negocia. No nos casamos con el nombre, pero no vamos a descuidar nuestro frente\u201d, grafic\u00f3.<\/p>\n<p>En el mismo sentido, en el gobierno advierten dos factores que, est\u00e1n convencidos, duplican las chances electorales de un mega frente que incluya a oficialistas y dialoguistas. En primer lugar, que la imagen de Frigerio supera a la de Javier Milei en Entre R\u00edos; y en segundo lugar que en el peronismo no emergen liderazgos que muevan la percepci\u00f3n en la opini\u00f3n p\u00fablica. \u201cCon ese escenario, en una plataforma acuerdista se duplican las chances\u201d, proyectan.<\/p>\n<p>&nbsp;<\/p>\n<p><strong>Los puntos de inflexi\u00f3n entre Rogelio Frigerio y Javier Milei<\/strong><\/p>\n<p>Otro punto condicionante son las candidaturas. La territorialidad que pide Juntos se cristaliza en los nombres que podr\u00edan aportar para el a\u00f1o que viene. Ponen como ejemplo las candidaturas fuertes que LLA tiene en Buenos Aires, como Jos\u00e9 Luis Espert en provincia de Buenos Aires o Manuel Adorni en la Capital Federal, y se\u00f1alan que en el plano local no se vislumbran nombres con esa solidez y de pura cepa libertaria. \u201cLa mejor estrategia ser\u00eda juntar todo ese caudal de votos y trabajar coincidencias estructurales y program\u00e1ticas que derramen toda esa coincidencia en una coalici\u00f3n\u201d, explican.<\/p>\n<p>Hay dos puntos de inflexi\u00f3n fuertes con el gobierno, que deber\u00e1n ser trabajados en las negociaciones. Uno es el incumplimiento en el env\u00edo de fondos, como el de la Caja de Jubilaciones. El reclamo no apunta a los fondos discrecionales, pero no negocian los mandatos constitucionales. El otro es el acuerdo entre Milei y Frigerio por los cargos nacionales en la provincia que el presidente tampoco cumpli\u00f3. Ese acuerdo, que se materializ\u00f3 al comienzo de la gesti\u00f3n de Milei, se vio sacudido por el desembarco de Karina y el empoderamiento de su tropa libertaria local. Ser\u00e1n asperezas que deber\u00e1n limarse m\u00e1s adelante.<\/p>\n<p>&nbsp;<\/p>\n<p><strong>La pecera del peronismo desencantado de Entre R\u00edos<\/strong><\/p>\n<p>En el coraz\u00f3n del frigerismo subyace la clara voluntad de ampliar el frente pol\u00edtico que lo llev\u00f3 al gobierno, que ya inclu\u00eda a peronistas, socialistas y vecinalistas, adem\u00e1s de a la UCR, su socio principal. Los mensajes no son solo destinados a La Libertad Avanza.<\/p>\n<p>En el gobierno aseguran que tienen \u201cbuena relaci\u00f3n\u201d con intendentes del peronismo y que, incluso, algunos en privado le reconocen al gobernador \u201cuna buena gesti\u00f3n\u201d. \u201cDespu\u00e9s de la foto de Bordet con Cristina, algunos llamaron a la Casa Gris para decirnos que no estaban de acuerdo con ese camino y que nos apoyaban\u201d, cont\u00f3 un operador.<\/p>\n<p>En el esp\u00edritu coalicionista 2025, el oficialismo sue\u00f1a en grande con formalizar no solamente a los peronistas que ya se incorporaron al espacio. Aseguran que ya hay conversaciones para que algunos intendentes del PJ apoyen p\u00fablicamente a la gesti\u00f3n.<\/p>\n","protected":false},"excerpt":{"rendered":"<p>El gobernador planta las bases para un nuevo frente electoral con libertarios y peronistas desencantados. Las asperezas a pulir con Javier Milei &nbsp; &nbsp; Rogelio Frigerio abri\u00f3 el juego en Entre R\u00edos para empezar a consolidar un acuerdo electoral con La Libertad Avanza. Si bien no es la primera vez que desliza esa posibilidad, en las \u00faltimas horas mand\u00f3 mensajes con destinatarios m\u00faltiples: su armado incluye a libertarios y peronistas desencantados sin tributos directos en la provincia. En la Casa Gris aseguran que las conversaciones electorales con LLA no se&#8230;<\/p>\n","protected":false},"author":3,"featured_media":112956,"comment_status":"closed","ping_status":"closed","sticky":false,"template":"","format":"standard","meta":[],"categories":[9],"tags":[],"_links":{"self":[{"href":"https:\/\/www.actualidadadiario.com\/index.php\/wp-json\/wp\/v2\/posts\/122627"}],"collection":[{"href":"https:\/\/www.actualidadadiario.com\/index.php\/wp-json\/wp\/v2\/posts"}],"about":[{"href":"https:\/\/www.actualidadadiario.com\/index.php\/wp-json\/wp\/v2\/types\/post"}],"author":[{"embeddable":true,"href":"https:\/\/www.actualidadadiario.com\/index.php\/wp-json\/wp\/v2\/users\/3"}],"replies":[{"embeddable":true,"href":"https:\/\/www.actualidadadiario.com\/index.php\/wp-json\/wp\/v2\/comments?post=122627"}],"version-history":[{"count":2,"href":"https:\/\/www.actualidadadiario.com\/index.php\/wp-json\/wp\/v2\/posts\/122627\/revisions"}],"predecessor-version":[{"id":122629,"href":"https:\/\/www.actualidadadiario.com\/index.php\/wp-json\/wp\/v2\/posts\/122627\/revisions\/122629"}],"wp:featuredmedia":[{"embeddable":true,"href":"https:\/\/www.actualidadadiario.com\/index.php\/wp-json\/wp\/v2\/media\/112956"}],"wp:attachment":[{"href":"https:\/\/www.actualidadadiario.com\/index.php\/wp-json\/wp\/v2\/media?parent=122627"}],"wp:term":[{"taxonomy":"category","embeddable":true,"href":"https:\/\/www.actualidadadiario.com\/index.php\/wp-json\/wp\/v2\/categories?post=122627"},{"taxonomy":"post_tag","embeddable":true,"href":"https:\/\/www.actualidadadiario.com\/index.php\/wp-json\/wp\/v2\/tags?post=122627"}],"curies":[{"name":"wp","href":"https:\/\/api.w.org\/{rel}","templated":true}]}}