{"id":122623,"date":"2024-11-12T15:31:04","date_gmt":"2024-11-12T18:31:04","guid":{"rendered":"https:\/\/www.actualidadadiario.com\/?p=122623"},"modified":"2024-11-12T15:31:14","modified_gmt":"2024-11-12T18:31:14","slug":"la-seleccion-argentina-sufrio-una-baja-sensible-para-las-eliminatorias","status":"publish","type":"post","link":"https:\/\/www.actualidadadiario.com\/index.php\/2024\/11\/12\/la-seleccion-argentina-sufrio-una-baja-sensible-para-las-eliminatorias\/","title":{"rendered":"La Selecci\u00f3n argentina sufri\u00f3 una baja sensible para las Eliminatorias"},"content":{"rendered":"<p style=\"text-align: center;\"><em><strong>Un habitual titular del equipo de Lionel Scaloni se perder\u00e1 los duelos ante Paraguay y Per\u00fa<\/strong><\/em><\/p>\n<p>&nbsp;<\/p>\n<p>&nbsp;<\/p>\n<p>La \u00faltima concentraci\u00f3n de la Selecci\u00f3n del a\u00f1o, de cara a los \u00faltimos dos partidos de Eliminatorias del 2024, comenz\u00f3 con problemas para Lionel Scaloni. Algunos jugadores demoraron en llegar por la cancelaci\u00f3n de un vuelo, y otros fueron baja por lesi\u00f3n. En ese sentido, se confirm\u00f3 una ausencia clave para el combinado \u201calbiceleste\u201d.<\/p>\n<p>Se trata de Lisandro Mart\u00ednez. El defensor central de Manchester United, titular durante gran parte de la Copa Am\u00e9rica, sufri\u00f3 un golpe en el \u00faltimo partido del equipo ingl\u00e9s, y fue desafectado de la convocatoria.<\/p>\n<p>Por la baja de Mart\u00ednez, sumada a la de Germ\u00e1n Pezzella, que no se termin\u00f3 de recuperar de una lesi\u00f3n muscular, Scaloni decidi\u00f3 convocar a Facundo Medina, defensor del Lens de Francia. As\u00ed, se da por descontado que Nicol\u00e1s Otamendi y Cristian \u201cCuti\u201d Romero ser\u00e1n los titulares para los duelos ante Paraguay y Per\u00fa.<\/p>\n<p>&nbsp;<\/p>\n<p><strong>\u00bfQui\u00e9n es Facundo Medina, el \u00faltimo convocado por Scaloni a la Selecci\u00f3n?<\/strong><\/p>\n<p>El central zurdo, de 25 a\u00f1os, fue formado en River, aunque debut\u00f3 en Primera en Talleres de C\u00f3rdoba. Tras dos buenas temporadas, fue transferido a Lens de Francia.<\/p>\n<p>Medina ya fue convocado en ocasiones anteriores por Scaloni. De hecho, ya sum\u00f3 minutos en tres partidos: ingres\u00f3 desde el banco en dos duelos de Eliminatorias para el Mundial 2022, ante Bolivia y Uruguay, y fue titular en un amistoso ante Indonesia.<\/p>\n<p>De esta forma, Scaloni tendr\u00e1 cinco centrales a disposici\u00f3n: Medina se suma a Nicol\u00e1s Otamendi, Cristian Romero, Leonardo Balerdi y Nehu\u00e9n P\u00e9rez.<\/p>\n","protected":false},"excerpt":{"rendered":"<p>Un habitual titular del equipo de Lionel Scaloni se perder\u00e1 los duelos ante Paraguay y Per\u00fa &nbsp; &nbsp; La \u00faltima concentraci\u00f3n de la Selecci\u00f3n del a\u00f1o, de cara a los \u00faltimos dos partidos de Eliminatorias del 2024, comenz\u00f3 con problemas para Lionel Scaloni. Algunos jugadores demoraron en llegar por la cancelaci\u00f3n de un vuelo, y otros fueron baja por lesi\u00f3n. En ese sentido, se confirm\u00f3 una ausencia clave para el combinado \u201calbiceleste\u201d. Se trata de Lisandro Mart\u00ednez. El defensor central de Manchester United, titular durante gran parte de la Copa&#8230;<\/p>\n","protected":false},"author":3,"featured_media":122624,"comment_status":"closed","ping_status":"closed","sticky":false,"template":"","format":"standard","meta":[],"categories":[4],"tags":[],"_links":{"self":[{"href":"https:\/\/www.actualidadadiario.com\/index.php\/wp-json\/wp\/v2\/posts\/122623"}],"collection":[{"href":"https:\/\/www.actualidadadiario.com\/index.php\/wp-json\/wp\/v2\/posts"}],"about":[{"href":"https:\/\/www.actualidadadiario.com\/index.php\/wp-json\/wp\/v2\/types\/post"}],"author":[{"embeddable":true,"href":"https:\/\/www.actualidadadiario.com\/index.php\/wp-json\/wp\/v2\/users\/3"}],"replies":[{"embeddable":true,"href":"https:\/\/www.actualidadadiario.com\/index.php\/wp-json\/wp\/v2\/comments?post=122623"}],"version-history":[{"count":2,"href":"https:\/\/www.actualidadadiario.com\/index.php\/wp-json\/wp\/v2\/posts\/122623\/revisions"}],"predecessor-version":[{"id":122626,"href":"https:\/\/www.actualidadadiario.com\/index.php\/wp-json\/wp\/v2\/posts\/122623\/revisions\/122626"}],"wp:featuredmedia":[{"embeddable":true,"href":"https:\/\/www.actualidadadiario.com\/index.php\/wp-json\/wp\/v2\/media\/122624"}],"wp:attachment":[{"href":"https:\/\/www.actualidadadiario.com\/index.php\/wp-json\/wp\/v2\/media?parent=122623"}],"wp:term":[{"taxonomy":"category","embeddable":true,"href":"https:\/\/www.actualidadadiario.com\/index.php\/wp-json\/wp\/v2\/categories?post=122623"},{"taxonomy":"post_tag","embeddable":true,"href":"https:\/\/www.actualidadadiario.com\/index.php\/wp-json\/wp\/v2\/tags?post=122623"}],"curies":[{"name":"wp","href":"https:\/\/api.w.org\/{rel}","templated":true}]}}