{"id":122620,"date":"2024-11-12T15:30:01","date_gmt":"2024-11-12T18:30:01","guid":{"rendered":"https:\/\/www.actualidadadiario.com\/?p=122620"},"modified":"2024-11-12T15:30:01","modified_gmt":"2024-11-12T18:30:01","slug":"nueva-masacre-carcelaria-en-ecuador-deja-15-muertos-y-14-heridos","status":"publish","type":"post","link":"https:\/\/www.actualidadadiario.com\/index.php\/2024\/11\/12\/nueva-masacre-carcelaria-en-ecuador-deja-15-muertos-y-14-heridos\/","title":{"rendered":"Nueva masacre carcelaria en Ecuador deja 15 muertos y 14 heridos"},"content":{"rendered":"<p style=\"text-align: center;\"><em><strong>Seg\u00fan las autoridades, actualmente el penal est\u00e1 &#8220;bajo control absoluto&#8221;<\/strong><\/em><\/p>\n<p>&nbsp;<\/p>\n<p>&nbsp;<\/p>\n<p>La madrugada de este martes se registr\u00f3 una nueva masacre carcelaria en Ecuador, que dej\u00f3 al menos 15 muertos y 14 heridos, inform\u00f3 el Servicio Nacional de Atenci\u00f3n Integral a Personas Adultas Privadas de la Libertad y a Adolescentes Infractores (SNAI).<\/p>\n<p>Los &#8220;graves incidentes&#8221;, de acuerdo con la entidad, tuvieron lugar en &#8220;un pabell\u00f3n espec\u00edfico&#8221; el Centro de Privaci\u00f3n de Libertad (CPL) Guayas N\u00b0 1, tambi\u00e9n conocido como Penitenciar\u00eda del Litoral, considerada la c\u00e1rcel m\u00e1s peligrosa y poblada del pa\u00eds suramericano.<\/p>\n<p>&#8220;Ante estos hechos, el Bloque de Seguridad actu\u00f3 de manera inmediata para tomar el control total de las instalaciones y activar un operativo de requisa a gran escala&#8221;, indic\u00f3 el SNAI, que se\u00f1al\u00f3 que tambi\u00e9n se iniciaron las investigaciones correspondientes para esclarecer lo ocurrido.<\/p>\n<p>Seg\u00fan la instituci\u00f3n, actualmente la c\u00e1rcel est\u00e1 &#8220;bajo control absoluto&#8221;. Se despleg\u00f3 un contingente significativo de personal militar y policial para &#8220;garantizar la seguridad&#8221; y &#8220;evitar nuevos incidentes&#8221;.<\/p>\n<p>&nbsp;<\/p>\n<p><strong>Hechos recientes<\/strong><\/p>\n<p>En octubre pasado, dos reclusos fueron encontrados muertos en esta misma prisi\u00f3n. El SNAI comunic\u00f3 entonces que el hallazgo se produjo durante los controles en la prisi\u00f3n.<\/p>\n<p>Entretanto, en septiembre, fue asesinada Mar\u00eda Daniela Icaza, directora encargada de esta c\u00e1rcel. Sujetos desconocidos interceptaron el veh\u00edculo en el que se desplazaba la funcionaria en Guayaquil y dispararon contra ella.<\/p>\n<p>En julio pasado un informe de varias organizaciones que fue enviado al Comit\u00e9 contra la Tortura (CAT, por sus siglas en ingl\u00e9s) de las Naciones Unidas revel\u00f3 que al menos 680 reclusos perdieron la vida en c\u00e1rceles de Ecuador entre 2018 y 2023.<\/p>\n","protected":false},"excerpt":{"rendered":"<p>Seg\u00fan las autoridades, actualmente el penal est\u00e1 &#8220;bajo control absoluto&#8221; &nbsp; &nbsp; La madrugada de este martes se registr\u00f3 una nueva masacre carcelaria en Ecuador, que dej\u00f3 al menos 15 muertos y 14 heridos, inform\u00f3 el Servicio Nacional de Atenci\u00f3n Integral a Personas Adultas Privadas de la Libertad y a Adolescentes Infractores (SNAI). Los &#8220;graves incidentes&#8221;, de acuerdo con la entidad, tuvieron lugar en &#8220;un pabell\u00f3n espec\u00edfico&#8221; el Centro de Privaci\u00f3n de Libertad (CPL) Guayas N\u00b0 1, tambi\u00e9n conocido como Penitenciar\u00eda del Litoral, considerada la c\u00e1rcel m\u00e1s peligrosa y poblada&#8230;<\/p>\n","protected":false},"author":3,"featured_media":122621,"comment_status":"closed","ping_status":"closed","sticky":false,"template":"","format":"standard","meta":[],"categories":[4],"tags":[],"_links":{"self":[{"href":"https:\/\/www.actualidadadiario.com\/index.php\/wp-json\/wp\/v2\/posts\/122620"}],"collection":[{"href":"https:\/\/www.actualidadadiario.com\/index.php\/wp-json\/wp\/v2\/posts"}],"about":[{"href":"https:\/\/www.actualidadadiario.com\/index.php\/wp-json\/wp\/v2\/types\/post"}],"author":[{"embeddable":true,"href":"https:\/\/www.actualidadadiario.com\/index.php\/wp-json\/wp\/v2\/users\/3"}],"replies":[{"embeddable":true,"href":"https:\/\/www.actualidadadiario.com\/index.php\/wp-json\/wp\/v2\/comments?post=122620"}],"version-history":[{"count":1,"href":"https:\/\/www.actualidadadiario.com\/index.php\/wp-json\/wp\/v2\/posts\/122620\/revisions"}],"predecessor-version":[{"id":122622,"href":"https:\/\/www.actualidadadiario.com\/index.php\/wp-json\/wp\/v2\/posts\/122620\/revisions\/122622"}],"wp:featuredmedia":[{"embeddable":true,"href":"https:\/\/www.actualidadadiario.com\/index.php\/wp-json\/wp\/v2\/media\/122621"}],"wp:attachment":[{"href":"https:\/\/www.actualidadadiario.com\/index.php\/wp-json\/wp\/v2\/media?parent=122620"}],"wp:term":[{"taxonomy":"category","embeddable":true,"href":"https:\/\/www.actualidadadiario.com\/index.php\/wp-json\/wp\/v2\/categories?post=122620"},{"taxonomy":"post_tag","embeddable":true,"href":"https:\/\/www.actualidadadiario.com\/index.php\/wp-json\/wp\/v2\/tags?post=122620"}],"curies":[{"name":"wp","href":"https:\/\/api.w.org\/{rel}","templated":true}]}}