{"id":122607,"date":"2024-11-12T12:46:28","date_gmt":"2024-11-12T15:46:28","guid":{"rendered":"https:\/\/www.actualidadadiario.com\/?p=122607"},"modified":"2024-11-12T12:46:28","modified_gmt":"2024-11-12T15:46:28","slug":"sesion-para-limitar-los-dnu-la-ucr-tampoco-baja-al-recinto-y-tambalea-el-quorum-en-diputados","status":"publish","type":"post","link":"https:\/\/www.actualidadadiario.com\/index.php\/2024\/11\/12\/sesion-para-limitar-los-dnu-la-ucr-tampoco-baja-al-recinto-y-tambalea-el-quorum-en-diputados\/","title":{"rendered":"Sesi\u00f3n para limitar los DNU: la UCR tampoco baja al recinto y tambalea el qu\u00f3rum en Diputados"},"content":{"rendered":"<p style=\"text-align: center;\"><em><strong>Presi\u00f3n de los gobernadores en medio del debate del Presupuesto 2025. Los radicales se suman al PRO para vaciar el recinto en un gesto de apoyo a Javier Milei<\/strong><\/em><\/p>\n<p>&nbsp;<\/p>\n<p>&nbsp;<\/p>\n<p>El bloque UCR de Rodrigo de Loredo no dar\u00e1 qu\u00f3rum en la sesi\u00f3n especial convocada para las 15:00 en la C\u00e1mara de Diputados. Los radicales se suman as\u00ed a la estrategia anunciada por el PRO de Mauricio Macri y no bajar\u00e1n al recinto para intentar bloquear la aprobaci\u00f3n de un proyecto de ley que limita la vigencia de los decretos de necesidad y urgencia.<\/p>\n<p>La presi\u00f3n de los gobernadores, tanto de la UCR como del PRO, hizo efecto en Diputados en medio de las negociaciones de las provincias con la Casa Rosada por la distribuci\u00f3n de partidas en el Presupuesto 2025. La oposici\u00f3n ronda los 134 votos para avanzar con la modificaci\u00f3n de la ley 26.122 que regula el alcance y vigencia de los DNU.<\/p>\n<p>La intenci\u00f3n de los bloques opositores es que con el rechazo de una sola de las C\u00e1maras del Congreso sea suficiente para descartar un DNU. Actualmente la ley exige el rechazo de Diputados y del Senado.<\/p>\n<p>&nbsp;<\/p>\n<p><strong>Fractura en la UCR<\/strong><\/p>\n<p>El bloque de la UCR que conduce Rodrigo de Loredo viene de sufrir el \u00e9xodo de 12 diputados alineados con Facundo Manes y Mart\u00edn Lousteau que abandonaron la bancada y conformaron su propio espacio &#8220;Democracia para siempre&#8221;. Julio Cobos que integra formalmente el sector de De Loredo tambi\u00e9n se desmarca y anticip\u00f3 que bajar\u00e1 al recinto para dar el debate.<\/p>\n<p>Javier Milei suma as\u00ed como aliados en Diputados al PRO de Cristian Ritondo que ayer se reuni\u00f3 con Mauricio Macri para anticipar que tampoco dar\u00e1n qu\u00f3rum en la sesi\u00f3n especial de esta tarde. El macrismo sostiene que la oposici\u00f3n busca atentar contra la gobernabilidad y que no est\u00e1n dispuestos a votar con el kirchnerismo.<\/p>\n<p>En el encuentro de la mesa ejecutivo del PRO estuvieron tambi\u00e9n el jefe de gobierno porte\u00f1o, Jorge Macri, el gobernador de Chubut, Ignacio Torres, y el de Entre R\u00edos -v\u00eda zoom- quienes se encuentran en medio de una inestable negociaci\u00f3n por deudas de la coparticipaci\u00f3n y de las cajas jubilatorias no transferidas al gobierno nacional.<\/p>\n<p>A la necesidad de fondos de las provincias, se suman las negociaciones por un incipiente armado electoral conjunto entre La Libertad Avanza y el PRO. Un acuerdo macro que el ex presidente aspira a que abarque la definici\u00f3n de candidaturas tanto en la provincia de Buenos Aires como en la Capital Federal.<\/p>\n<p>Los gobernadores de la UCR como Alfredo Cornejo (Mendoza), Gustavo Valdes (Corrientes), Leandro Zdero (Chaco) y Maximiliano Pullaro (Santa Fe) se encuentran en la misma situaci\u00f3n. A 18 d\u00edas de la finalizaci\u00f3n del periodo ordinario de sesiones en Diputados, el Presupuesto 2025 sigue abierto con foco en la definici\u00f3n de las planillas obra p\u00fablica en las provincias.<\/p>\n<p>&nbsp;<\/p>\n<p><strong>L\u00edmite a los DNU<\/strong><\/p>\n<p>En paralelo a la negociaci\u00f3n de los gobernadores con la Casa Rosada por partidas presupuestarias, Javier Milei adelant\u00f3 que vetar\u00e1 la reforma a la ley 26.122 para limitar a los DNU en caso de ser aprobada por el Congreso. El dictamen de mayor\u00eda es impulsado por Union por la Patria, los radicales de Democracia para Siempre y Encuentro Federal de Miguel Pichetto.<\/p>\n<p>El despacho de mayor\u00eda sobre la modificaci\u00f3n a la ley que regula los DNU tiene cinco art\u00edculos y establece que los decretos de necesidad y urgencia \u201cperder\u00e1n vigencia si no fueran aprobados mediante resoluci\u00f3n de ambas C\u00e1maras del Congreso en un plazo de 90 d\u00edas corridos contados desde su publicaci\u00f3n\u201d.<\/p>\n<p>Tambi\u00e9n determina que en el caso de que los DNU sean emitidos durante el receso del Congreso, \u201clas C\u00e1maras podr\u00e1n abocarse a su expreso e inmediato tratamiento conforme al art\u00edculo 99, inciso 3, de la Constituci\u00f3n Nacional\u201d.<\/p>\n<p>La principal modificaci\u00f3n consiste en que \u201cel rechazo por alguna de las C\u00e1maras del Congreso del decreto de que se trate implica su derogaci\u00f3n, quedando a salvo los derechos adquiridos durante su vigencia\u201d. Adem\u00e1s, el proyecto establece que \u201crechazado un decreto, el Poder Ejecutivo no podr\u00e1 dictar uno an\u00e1logo en el mismo per\u00edodo parlamentario\u201d.<\/p>\n","protected":false},"excerpt":{"rendered":"<p>Presi\u00f3n de los gobernadores en medio del debate del Presupuesto 2025. Los radicales se suman al PRO para vaciar el recinto en un gesto de apoyo a Javier Milei &nbsp; &nbsp; El bloque UCR de Rodrigo de Loredo no dar\u00e1 qu\u00f3rum en la sesi\u00f3n especial convocada para las 15:00 en la C\u00e1mara de Diputados. Los radicales se suman as\u00ed a la estrategia anunciada por el PRO de Mauricio Macri y no bajar\u00e1n al recinto para intentar bloquear la aprobaci\u00f3n de un proyecto de ley que limita la vigencia de los&#8230;<\/p>\n","protected":false},"author":3,"featured_media":111205,"comment_status":"closed","ping_status":"closed","sticky":false,"template":"","format":"standard","meta":[],"categories":[18],"tags":[],"_links":{"self":[{"href":"https:\/\/www.actualidadadiario.com\/index.php\/wp-json\/wp\/v2\/posts\/122607"}],"collection":[{"href":"https:\/\/www.actualidadadiario.com\/index.php\/wp-json\/wp\/v2\/posts"}],"about":[{"href":"https:\/\/www.actualidadadiario.com\/index.php\/wp-json\/wp\/v2\/types\/post"}],"author":[{"embeddable":true,"href":"https:\/\/www.actualidadadiario.com\/index.php\/wp-json\/wp\/v2\/users\/3"}],"replies":[{"embeddable":true,"href":"https:\/\/www.actualidadadiario.com\/index.php\/wp-json\/wp\/v2\/comments?post=122607"}],"version-history":[{"count":1,"href":"https:\/\/www.actualidadadiario.com\/index.php\/wp-json\/wp\/v2\/posts\/122607\/revisions"}],"predecessor-version":[{"id":122608,"href":"https:\/\/www.actualidadadiario.com\/index.php\/wp-json\/wp\/v2\/posts\/122607\/revisions\/122608"}],"wp:featuredmedia":[{"embeddable":true,"href":"https:\/\/www.actualidadadiario.com\/index.php\/wp-json\/wp\/v2\/media\/111205"}],"wp:attachment":[{"href":"https:\/\/www.actualidadadiario.com\/index.php\/wp-json\/wp\/v2\/media?parent=122607"}],"wp:term":[{"taxonomy":"category","embeddable":true,"href":"https:\/\/www.actualidadadiario.com\/index.php\/wp-json\/wp\/v2\/categories?post=122607"},{"taxonomy":"post_tag","embeddable":true,"href":"https:\/\/www.actualidadadiario.com\/index.php\/wp-json\/wp\/v2\/tags?post=122607"}],"curies":[{"name":"wp","href":"https:\/\/api.w.org\/{rel}","templated":true}]}}