{"id":122605,"date":"2024-11-12T12:43:23","date_gmt":"2024-11-12T15:43:23","guid":{"rendered":"https:\/\/www.actualidadadiario.com\/?p=122605"},"modified":"2024-11-12T12:43:23","modified_gmt":"2024-11-12T15:43:23","slug":"el-oficialismo-convoco-a-reanudar-el-debate-del-presupuesto-este-jueves","status":"publish","type":"post","link":"https:\/\/www.actualidadadiario.com\/index.php\/2024\/11\/12\/el-oficialismo-convoco-a-reanudar-el-debate-del-presupuesto-este-jueves\/","title":{"rendered":"El oficialismo convoc\u00f3 a reanudar el debate del Presupuesto este jueves"},"content":{"rendered":"<p style=\"text-align: center;\"><em><strong>El anuncio se conoci\u00f3 horas antes de la sesi\u00f3n pedida por la oposici\u00f3n, en la que se sab\u00eda que diputados opositores buscar\u00edan emplazar a la comisi\u00f3n presidida por Jos\u00e9 Luis Espert a reunirse para dictaminar<\/strong><\/em><\/p>\n<p>&nbsp;<\/p>\n<p>&nbsp;<\/p>\n<p>Luego de dos semanas sin actividad, la Comisi\u00f3n de Presupuesto y Hacienda de la C\u00e1mara de Diputados que conduce Jos\u00e9 Luis Espert fue convocada para este jueves para reanudar el debate del proyecto de ley del Poder Ejecutivo enviado al Congreso el pasado 15 de septiembre.<\/p>\n<p>Recordemos que la \u00faltima reuni\u00f3n de esa comisi\u00f3n se realiz\u00f3 el pasado 24 de octubre, y cont\u00f3 con la asistencia del secretario de Educaci\u00f3n, Carlos Torrendell. Si bien en esa oportunidad hab\u00eda trascendido que para la semana siguiente pod\u00eda llegar a haber tres reuniones de esa comisi\u00f3n, eso no sucedi\u00f3: no hubo ni una sola reuni\u00f3n y, por el contrario, se anunci\u00f3 una conferencia de prensa para el jueves siguiente que se desactiv\u00f3 minutos antes de concretarse. Luego se convoc\u00f3 a una reuni\u00f3n de Presupuesto para el jueves pasado, a la que hab\u00eda sido convocado el ministro de Salud, Mario Lugones, pero la misma tambi\u00e9n fue suspendida un d\u00eda antes.<\/p>\n<p>Es imposible no relacionar el anuncio de esta reuni\u00f3n de Presupuesto con la decisi\u00f3n de la oposici\u00f3n que hab\u00eda trascendido de intentar en la sesi\u00f3n de este martes hacer un emplazamiento, primero a la comisi\u00f3n, para que dictamine en fecha a determinar, y luego sesionar a plazo fijo.<\/p>\n<p>La convocatoria para este jueves 14 de noviembre es en la sala del 2\u00b0 piso del edificio Anexo C, y est\u00e1 suscripta por el director de la Comisi\u00f3n de Presupuesto, Ariel Segu\u00ed. Siguiendo con los tiempos que se manejaban hasta la semana pasada, la intenci\u00f3n deber\u00eda ser emitir dictamen este mismo jueves. Se ver\u00e1.<\/p>\n","protected":false},"excerpt":{"rendered":"<p>El anuncio se conoci\u00f3 horas antes de la sesi\u00f3n pedida por la oposici\u00f3n, en la que se sab\u00eda que diputados opositores buscar\u00edan emplazar a la comisi\u00f3n presidida por Jos\u00e9 Luis Espert a reunirse para dictaminar &nbsp; &nbsp; Luego de dos semanas sin actividad, la Comisi\u00f3n de Presupuesto y Hacienda de la C\u00e1mara de Diputados que conduce Jos\u00e9 Luis Espert fue convocada para este jueves para reanudar el debate del proyecto de ley del Poder Ejecutivo enviado al Congreso el pasado 15 de septiembre. Recordemos que la \u00faltima reuni\u00f3n de esa&#8230;<\/p>\n","protected":false},"author":3,"featured_media":121261,"comment_status":"closed","ping_status":"closed","sticky":false,"template":"","format":"standard","meta":[],"categories":[18],"tags":[],"_links":{"self":[{"href":"https:\/\/www.actualidadadiario.com\/index.php\/wp-json\/wp\/v2\/posts\/122605"}],"collection":[{"href":"https:\/\/www.actualidadadiario.com\/index.php\/wp-json\/wp\/v2\/posts"}],"about":[{"href":"https:\/\/www.actualidadadiario.com\/index.php\/wp-json\/wp\/v2\/types\/post"}],"author":[{"embeddable":true,"href":"https:\/\/www.actualidadadiario.com\/index.php\/wp-json\/wp\/v2\/users\/3"}],"replies":[{"embeddable":true,"href":"https:\/\/www.actualidadadiario.com\/index.php\/wp-json\/wp\/v2\/comments?post=122605"}],"version-history":[{"count":1,"href":"https:\/\/www.actualidadadiario.com\/index.php\/wp-json\/wp\/v2\/posts\/122605\/revisions"}],"predecessor-version":[{"id":122606,"href":"https:\/\/www.actualidadadiario.com\/index.php\/wp-json\/wp\/v2\/posts\/122605\/revisions\/122606"}],"wp:featuredmedia":[{"embeddable":true,"href":"https:\/\/www.actualidadadiario.com\/index.php\/wp-json\/wp\/v2\/media\/121261"}],"wp:attachment":[{"href":"https:\/\/www.actualidadadiario.com\/index.php\/wp-json\/wp\/v2\/media?parent=122605"}],"wp:term":[{"taxonomy":"category","embeddable":true,"href":"https:\/\/www.actualidadadiario.com\/index.php\/wp-json\/wp\/v2\/categories?post=122605"},{"taxonomy":"post_tag","embeddable":true,"href":"https:\/\/www.actualidadadiario.com\/index.php\/wp-json\/wp\/v2\/tags?post=122605"}],"curies":[{"name":"wp","href":"https:\/\/api.w.org\/{rel}","templated":true}]}}