{"id":122601,"date":"2024-11-12T12:41:15","date_gmt":"2024-11-12T15:41:15","guid":{"rendered":"https:\/\/www.actualidadadiario.com\/?p=122601"},"modified":"2024-11-12T12:41:25","modified_gmt":"2024-11-12T15:41:25","slug":"un-empresario-tech-es-el-nuevo-embajador-argentino-en-estados-unidos","status":"publish","type":"post","link":"https:\/\/www.actualidadadiario.com\/index.php\/2024\/11\/12\/un-empresario-tech-es-el-nuevo-embajador-argentino-en-estados-unidos\/","title":{"rendered":"Un empresario tech es el nuevo embajador argentino en Estados Unidos"},"content":{"rendered":"<p style=\"text-align: center;\"><em><strong>\u201cSu experiencia y compromiso fortalecer\u00e1n las relaciones bilaterales y promover\u00e1n una cooperaci\u00f3n fruct\u00edfera entre ambas naciones\u201d, indic\u00f3 Canciller\u00eda. Reemplazar\u00e1 a Gerardo Werthein, actual ministro de Relaciones Exteriores, Comercio Internacional y Culto<\/strong><\/em><\/p>\n<p>&nbsp;<\/p>\n<p>&nbsp;<\/p>\n<p>El Gobierno design\u00f3 a Alejandro Carlos Francisco Oxenford como el nuevo embajador de Estados Unidos y que reemplazar\u00e1 a Gerardo Werthein, quien es el actual ministro de Relaciones Exteriores, Comercio Internacional y Culto.<\/p>\n<p>&#8220;El Gobierno de la Rep\u00fablica Argentina tiene el honor de anunciar que el Sr. Alejandro Carlos Francisco Oxenford ser\u00e1 designado como Embajador Extraordinario y Plenipotenciario ante los Estados Unidos de Am\u00e9rica&#8221;, indic\u00f3 Canciller\u00eda.<\/p>\n<p>A trav\u00e9s de un mensaje que difundi\u00f3 en la red social X, a\u00f1adi\u00f3: &#8220;Su experiencia y compromiso fortalecer\u00e1n las relaciones bilaterales y promover\u00e1n una cooperaci\u00f3n fruct\u00edfera entre ambas naciones&#8221;.<\/p>\n<p>Por su parte, el flamante embajador le agradeci\u00f3 al presidente Javier Milei &#8220;por la confianza&#8221; y dijo estar &#8220;emocionado&#8221; por su designaci\u00f3n.<\/p>\n<p>&#8220;Much\u00edsimas gracias por la confianza, Presidente @Jmilei! Emocionado por esta designaci\u00f3n como Embajador en Estados Unidos&#8221;, expres\u00f3 Oxenford en la misma red social.<\/p>\n<p>Adem\u00e1s, se\u00f1al\u00f3: \u201cEstoy convencido que con dedicaci\u00f3n y foco, lograremos un impacto significativo, posicionando a Argentina cada vez mejor en USA y el mundo. Un honor contar con la gu\u00eda de @wertheing, el equipo de Gobierno, la inspiraci\u00f3n de @JMilei y las ideas de la libertad como Norte. Vamos!\u201d.<\/p>\n<p>&#8220;El servicio p\u00fablico no es s\u00f3lo un honor, es tambi\u00e9n una responsabilidad\u00b4\u2013Nelson Mandela&#8221;, culmin\u00f3 el mensaje del ahora embajador.<\/p>\n","protected":false},"excerpt":{"rendered":"<p>\u201cSu experiencia y compromiso fortalecer\u00e1n las relaciones bilaterales y promover\u00e1n una cooperaci\u00f3n fruct\u00edfera entre ambas naciones\u201d, indic\u00f3 Canciller\u00eda. Reemplazar\u00e1 a Gerardo Werthein, actual ministro de Relaciones Exteriores, Comercio Internacional y Culto &nbsp; &nbsp; El Gobierno design\u00f3 a Alejandro Carlos Francisco Oxenford como el nuevo embajador de Estados Unidos y que reemplazar\u00e1 a Gerardo Werthein, quien es el actual ministro de Relaciones Exteriores, Comercio Internacional y Culto. &#8220;El Gobierno de la Rep\u00fablica Argentina tiene el honor de anunciar que el Sr. Alejandro Carlos Francisco Oxenford ser\u00e1 designado como Embajador Extraordinario y&#8230;<\/p>\n","protected":false},"author":3,"featured_media":122602,"comment_status":"closed","ping_status":"closed","sticky":false,"template":"","format":"standard","meta":[],"categories":[18],"tags":[],"_links":{"self":[{"href":"https:\/\/www.actualidadadiario.com\/index.php\/wp-json\/wp\/v2\/posts\/122601"}],"collection":[{"href":"https:\/\/www.actualidadadiario.com\/index.php\/wp-json\/wp\/v2\/posts"}],"about":[{"href":"https:\/\/www.actualidadadiario.com\/index.php\/wp-json\/wp\/v2\/types\/post"}],"author":[{"embeddable":true,"href":"https:\/\/www.actualidadadiario.com\/index.php\/wp-json\/wp\/v2\/users\/3"}],"replies":[{"embeddable":true,"href":"https:\/\/www.actualidadadiario.com\/index.php\/wp-json\/wp\/v2\/comments?post=122601"}],"version-history":[{"count":2,"href":"https:\/\/www.actualidadadiario.com\/index.php\/wp-json\/wp\/v2\/posts\/122601\/revisions"}],"predecessor-version":[{"id":122604,"href":"https:\/\/www.actualidadadiario.com\/index.php\/wp-json\/wp\/v2\/posts\/122601\/revisions\/122604"}],"wp:featuredmedia":[{"embeddable":true,"href":"https:\/\/www.actualidadadiario.com\/index.php\/wp-json\/wp\/v2\/media\/122602"}],"wp:attachment":[{"href":"https:\/\/www.actualidadadiario.com\/index.php\/wp-json\/wp\/v2\/media?parent=122601"}],"wp:term":[{"taxonomy":"category","embeddable":true,"href":"https:\/\/www.actualidadadiario.com\/index.php\/wp-json\/wp\/v2\/categories?post=122601"},{"taxonomy":"post_tag","embeddable":true,"href":"https:\/\/www.actualidadadiario.com\/index.php\/wp-json\/wp\/v2\/tags?post=122601"}],"curies":[{"name":"wp","href":"https:\/\/api.w.org\/{rel}","templated":true}]}}