{"id":12260,"date":"2017-05-30T10:24:50","date_gmt":"2017-05-30T13:24:50","guid":{"rendered":"http:\/\/actualidadadiario.com\/site\/?p=12260"},"modified":"2017-05-30T10:24:50","modified_gmt":"2017-05-30T13:24:50","slug":"casacion-analizara-el-jueves-la-condena-a-milagro-sala-por-un-escrache-contra-morales","status":"publish","type":"post","link":"https:\/\/www.actualidadadiario.com\/index.php\/2017\/05\/30\/casacion-analizara-el-jueves-la-condena-a-milagro-sala-por-un-escrache-contra-morales\/","title":{"rendered":"Casaci\u00f3n analizar\u00e1 el jueves la condena a Milagro Sala por un escrache contra Morales"},"content":{"rendered":"<p><em><strong>La C\u00e1mara Federal de Casaci\u00f3n Penal realizar\u00e1 este jueves una audiencia para decidir, entre otras cosas, si revoca o no una condena contra la detenida dirigente social Milagro Sala por el supuesto instigamiento de un escrache en 2009 contra el actual gobernador de Jujuy, Gerardo Morales<\/strong><\/em><\/p>\n<p>&nbsp;<\/p>\n<p>&nbsp;<\/p>\n<p>&nbsp;<\/p>\n<p>&nbsp;<\/p>\n<p>&nbsp;<\/p>\n<p>De acuerdo con lo previsto, la audiencia se desarrollar\u00e1 a partir de las 10:55 hs. en el primer piso de los tribunales federales de Comodoro Py, en el barrio porte\u00f1o de Retiro, y podr\u00e1 ser presenciada por periodistas, a ra\u00edz de un pedido de la defensa de Sala que fue aceptado por los jueces de la Sala IV del m\u00e1ximo tribunal penal del pa\u00eds.<\/p>\n<p>&nbsp;<\/p>\n<p>La \u201caudiencia de informes\u201d ser\u00e1 encabezada por los camaristas Gustavo Hornos (presidente de la sala), Mariano Borinsky y Juan Carlos Gemignani, y servir\u00e1 para que las partes expongan sus posiciones en relaci\u00f3n a la condena contra la l\u00edder de la Tupac Amaru previo a una resoluci\u00f3n de m\u00e1ximo tribunal penal del pa\u00eds.<\/p>\n<p>&nbsp;<\/p>\n<p>En diciembre del a\u00f1o pasado, el Tribunal Oral Federal de Jujuy (TOF) conden\u00f3 a Sala a tres a\u00f1os de prisi\u00f3n en suspenso y sostuvo que otros dos integrantes de la Tupac Amaru, Graciela L\u00f3pez y Ram\u00f3n Salvatierra, fueron los autores de un escrache realizado contra el entonces senador nacional Gerardo Morales en el Consejo Profesional de Ciencias Econ\u00f3micas juje\u00f1o.<\/p>\n<p>&nbsp;<\/p>\n<p>El TOF conden\u00f3 a los tres militantes sociales por el da\u00f1o causado durante el escrache al Consejo pero, en el mismo fallo, desech\u00f3 la denuncia por amenaza porque entendi\u00f3 que hab\u00eda prescripto el delito, decisi\u00f3n que fue objetada el abogado de Morales.<\/p>\n<p>&nbsp;<\/p>\n<p>Por el lado de las defensas, todas presentaron sus apelaciones en contra de las condenas, mientras que el fiscal ante la C\u00e1mara de Casaci\u00f3n, Javier de Luca, tambi\u00e9n opin\u00f3 que deb\u00edan revocarse las condenas.<\/p>\n<p>&nbsp;<\/p>\n<p>En un dictamen de 40 p\u00e1ginas emitido en abril pasado, De Luca solicit\u00f3 que se revoque por \u201carbitraria\u201d la condena contra Sala, y remarc\u00f3 que el delito de \u201camenazas\u201d por el que fue juzgada prescibri\u00f3 y que hab\u00eda sido acusada, incluso, por testigos falsos.<\/p>\n<p>&nbsp;<\/p>\n<p>&#8220;No existen elementos de prueba que indiquen que L\u00f3pez o Salvatierra hayan sido quienes profirieron amenazas y producido los da\u00f1os que son objetos de reproche\u201d, sostuvo De Luca en el dictamen.<\/p>\n<p>&nbsp;<\/p>\n<p>En este sentido, indic\u00f3 que \u201cla ausencia de una descripci\u00f3n clara de los hechos imputados a L\u00f3pez y Salvatierra -y, por consiguiente, a Sala- hace sospechar que todo esto es consecuencia de que no se pudo identificar a los autores de los da\u00f1os\u201d.<\/p>\n<p>&nbsp;<\/p>\n<p>Sobre los testigos Arellano y Chauque, que acusaron a Sala, el fiscal sostuvo que \u201cdurante el debate qued\u00f3 demostrado que ambos mintieron sobre varios aspectos de su relaci\u00f3n con el acusador particular y la verosimilitud de sus testimonios fue derribada\u201d.<\/p>\n<p>&nbsp;<\/p>\n<p>Adem\u00e1s de pedir que se revoquen las tres condenas, De Luca solicit\u00f3 que se declare nula la acusaci\u00f3n de la querella que representa a Morales.<\/p>\n<p>&nbsp;<\/p>\n<p>La jefa de la Tupac Amaru se encuentra detenida desde enero de 2016, primero por imputaciones penales a ra\u00edz de un acampe de protesta y, luego, por la prisi\u00f3n preventiva dictada en el marco de una de las causas que tramitan en su contra por los supuestos delitos de fraude, extorsi\u00f3n y asociaci\u00f3n il\u00edcita, entre otros.<\/p>\n","protected":false},"excerpt":{"rendered":"<p>La C\u00e1mara Federal de Casaci\u00f3n Penal realizar\u00e1 este jueves una audiencia para decidir, entre otras cosas, si revoca o no una condena contra la detenida dirigente social Milagro Sala por el supuesto instigamiento de un escrache en 2009 contra el actual gobernador de Jujuy, Gerardo Morales &nbsp; &nbsp; &nbsp; &nbsp; &nbsp; De acuerdo con lo previsto, la audiencia se desarrollar\u00e1 a partir de las 10:55 hs. en el primer piso de los tribunales federales de Comodoro Py, en el barrio porte\u00f1o de Retiro, y podr\u00e1 ser presenciada por periodistas, a&#8230;<\/p>\n","protected":false},"author":3,"featured_media":12261,"comment_status":"closed","ping_status":"closed","sticky":false,"template":"","format":"standard","meta":[],"categories":[18],"tags":[],"_links":{"self":[{"href":"https:\/\/www.actualidadadiario.com\/index.php\/wp-json\/wp\/v2\/posts\/12260"}],"collection":[{"href":"https:\/\/www.actualidadadiario.com\/index.php\/wp-json\/wp\/v2\/posts"}],"about":[{"href":"https:\/\/www.actualidadadiario.com\/index.php\/wp-json\/wp\/v2\/types\/post"}],"author":[{"embeddable":true,"href":"https:\/\/www.actualidadadiario.com\/index.php\/wp-json\/wp\/v2\/users\/3"}],"replies":[{"embeddable":true,"href":"https:\/\/www.actualidadadiario.com\/index.php\/wp-json\/wp\/v2\/comments?post=12260"}],"version-history":[{"count":1,"href":"https:\/\/www.actualidadadiario.com\/index.php\/wp-json\/wp\/v2\/posts\/12260\/revisions"}],"predecessor-version":[{"id":12262,"href":"https:\/\/www.actualidadadiario.com\/index.php\/wp-json\/wp\/v2\/posts\/12260\/revisions\/12262"}],"wp:featuredmedia":[{"embeddable":true,"href":"https:\/\/www.actualidadadiario.com\/index.php\/wp-json\/wp\/v2\/media\/12261"}],"wp:attachment":[{"href":"https:\/\/www.actualidadadiario.com\/index.php\/wp-json\/wp\/v2\/media?parent=12260"}],"wp:term":[{"taxonomy":"category","embeddable":true,"href":"https:\/\/www.actualidadadiario.com\/index.php\/wp-json\/wp\/v2\/categories?post=12260"},{"taxonomy":"post_tag","embeddable":true,"href":"https:\/\/www.actualidadadiario.com\/index.php\/wp-json\/wp\/v2\/tags?post=12260"}],"curies":[{"name":"wp","href":"https:\/\/api.w.org\/{rel}","templated":true}]}}