{"id":122599,"date":"2024-11-12T12:39:23","date_gmt":"2024-11-12T15:39:23","guid":{"rendered":"https:\/\/www.actualidadadiario.com\/?p=122599"},"modified":"2024-11-12T12:39:23","modified_gmt":"2024-11-12T15:39:23","slug":"santiago-del-estero-sera-el-kilometro-cero-de-la-gira-de-cristina-por-las-provincias","status":"publish","type":"post","link":"https:\/\/www.actualidadadiario.com\/index.php\/2024\/11\/12\/santiago-del-estero-sera-el-kilometro-cero-de-la-gira-de-cristina-por-las-provincias\/","title":{"rendered":"Santiago del Estero ser\u00e1 el kil\u00f3metro cero de la gira de Cristina por las provincias"},"content":{"rendered":"<p style=\"text-align: center;\"><em><strong>La nueva titular del PJ participar\u00e1 el pr\u00f3ximo domingo del acto por el D\u00eda de la Militancia Peronista, junto al gobernador Gerardo Zamora<\/strong><\/em><\/p>\n<p>&nbsp;<\/p>\n<p>&nbsp;<\/p>\n<p>La presidenta del Partido Justicialista, Cristina de Kirchner, protagonizar\u00e1 el pr\u00f3ximo domingo 17, en Santiago del Estero, el acto por el D\u00eda de la Militancia Peronista que se realizar\u00e1 en el club Quimsa y se confirm\u00f3 que junto a ella estar\u00e1 el gobernador Gerardo Zamora.<\/p>\n<p>En los \u00faltimos d\u00edas hab\u00eda trascendido que la expresidenta iba a comenzar con un recorrido por las provincias, como nueva titular del peronismo, con el objetivo de tomar contacto con distintos espacios. La confirmaci\u00f3n de que eligi\u00f3 Santiago del Estero como el kil\u00f3metro cero de la gira fue realizada en las \u00faltimas horas por el senador nacional y titular del PJ santiague\u00f1o, Jos\u00e9 Emilio Neder, en un encuentro partidario, en el sal\u00f3n de usos m\u00faltiples de la sede central peronista en la capital santiague\u00f1a, para abordar detalles de la organizaci\u00f3n del acto.<\/p>\n<p>&#8220;Estamos contentos de acompa\u00f1ar a Cristina en esta tarea de dar volumen pol\u00edtico al peronismo de todo el pa\u00eds. Sabemos de su compromiso y del cari\u00f1o que el pueblo santiague\u00f1o le tiene porque cuando gobern\u00f3 lo hizo a favor de los trabajadores, de los estudiantes, de los jubilados, de las pymes. Vamos hacia un PJ competitivo estando al lado de la gente, escuchando y construyendo sobre un escenario de acci\u00f3n permanente&#8221;, afirm\u00f3 el senador nacional.<\/p>\n<p>&#8220;Tambi\u00e9n asistir\u00e1 este amigo y compa\u00f1ero nuestro que es Gerardo Zamora, gran gobernador que tenemos los santiague\u00f1os, a quien le agradezco porque cada vez que el peronismo organiza un acto importante est\u00e1 presente&#8221;, puntualiz\u00f3. El acto en Quimsa ser\u00e1 a las 19 y debido a que el lunes 18 es feriado nacional, los organizadores esperan que participen militantes del NOA. Cada 17 de noviembre se celebra el D\u00eda de la Militancia peronista en conmemoraci\u00f3n al regreso de Juan Domingo Per\u00f3n al pa\u00eds, tras el exilio obligado por el golpe de Estado y luego de m\u00e1s de 17 a\u00f1os de proscripci\u00f3n.<\/p>\n<p>Un reciente estudio de CB Consultora mostr\u00f3 el ranking de imagen positiva de la exvicepresidenta en las provincias. El informe de noviembre indic\u00f3 que Santiago del Estero lidera el apoyo a la exmandataria, con un 55.4% de imagen positiva. Le siguen Formosa con un 45.9% y Chaco con un 41.2%. Este grupo de &#8220;su mejores provincias&#8221; incluye a Provincia de Buenos Aires, Tucum\u00e1n, Catamarca, Salta y La Pampa, en donde su figura conserva un respaldo considerable.<\/p>\n<p>Por lo pronto, Cristina encabeza este martes una reuni\u00f3n con los integrantes de su lista en la sede de SMATA.<\/p>\n","protected":false},"excerpt":{"rendered":"<p>La nueva titular del PJ participar\u00e1 el pr\u00f3ximo domingo del acto por el D\u00eda de la Militancia Peronista, junto al gobernador Gerardo Zamora &nbsp; &nbsp; La presidenta del Partido Justicialista, Cristina de Kirchner, protagonizar\u00e1 el pr\u00f3ximo domingo 17, en Santiago del Estero, el acto por el D\u00eda de la Militancia Peronista que se realizar\u00e1 en el club Quimsa y se confirm\u00f3 que junto a ella estar\u00e1 el gobernador Gerardo Zamora. En los \u00faltimos d\u00edas hab\u00eda trascendido que la expresidenta iba a comenzar con un recorrido por las provincias, como nueva&#8230;<\/p>\n","protected":false},"author":3,"featured_media":101875,"comment_status":"closed","ping_status":"closed","sticky":false,"template":"","format":"standard","meta":[],"categories":[18],"tags":[],"_links":{"self":[{"href":"https:\/\/www.actualidadadiario.com\/index.php\/wp-json\/wp\/v2\/posts\/122599"}],"collection":[{"href":"https:\/\/www.actualidadadiario.com\/index.php\/wp-json\/wp\/v2\/posts"}],"about":[{"href":"https:\/\/www.actualidadadiario.com\/index.php\/wp-json\/wp\/v2\/types\/post"}],"author":[{"embeddable":true,"href":"https:\/\/www.actualidadadiario.com\/index.php\/wp-json\/wp\/v2\/users\/3"}],"replies":[{"embeddable":true,"href":"https:\/\/www.actualidadadiario.com\/index.php\/wp-json\/wp\/v2\/comments?post=122599"}],"version-history":[{"count":1,"href":"https:\/\/www.actualidadadiario.com\/index.php\/wp-json\/wp\/v2\/posts\/122599\/revisions"}],"predecessor-version":[{"id":122600,"href":"https:\/\/www.actualidadadiario.com\/index.php\/wp-json\/wp\/v2\/posts\/122599\/revisions\/122600"}],"wp:featuredmedia":[{"embeddable":true,"href":"https:\/\/www.actualidadadiario.com\/index.php\/wp-json\/wp\/v2\/media\/101875"}],"wp:attachment":[{"href":"https:\/\/www.actualidadadiario.com\/index.php\/wp-json\/wp\/v2\/media?parent=122599"}],"wp:term":[{"taxonomy":"category","embeddable":true,"href":"https:\/\/www.actualidadadiario.com\/index.php\/wp-json\/wp\/v2\/categories?post=122599"},{"taxonomy":"post_tag","embeddable":true,"href":"https:\/\/www.actualidadadiario.com\/index.php\/wp-json\/wp\/v2\/tags?post=122599"}],"curies":[{"name":"wp","href":"https:\/\/api.w.org\/{rel}","templated":true}]}}