{"id":122596,"date":"2024-11-12T12:38:30","date_gmt":"2024-11-12T15:38:30","guid":{"rendered":"https:\/\/www.actualidadadiario.com\/?p=122596"},"modified":"2024-11-12T12:38:30","modified_gmt":"2024-11-12T15:38:30","slug":"milei-euforico-en-estados-unidos-se-dieron-cuenta-y-nos-estan-copiando-el-modelo","status":"publish","type":"post","link":"https:\/\/www.actualidadadiario.com\/index.php\/2024\/11\/12\/milei-euforico-en-estados-unidos-se-dieron-cuenta-y-nos-estan-copiando-el-modelo\/","title":{"rendered":"Milei, euf\u00f3rico: &#8220;En Estados Unidos se dieron cuenta y nos est\u00e1n copiando el modelo&#8221;"},"content":{"rendered":"<p style=\"text-align: center;\"><em><strong>&#8220;Elon Musk tiene conversaciones con Federico Sturzenegger para ver c\u00f3mo desregular la econom\u00eda estadounidense&#8221;, lanz\u00f3 el Presidente<\/strong><\/em><\/p>\n<p>&nbsp;<\/p>\n<p>&nbsp;<\/p>\n<p>El presidente Javier Milei brind\u00f3 un discurso en el marco del Meta Day, que se realiza este martes 12 de noviembre en Palacio Libertad. Pero antes de empezar brind\u00f3 una curiosa frase, seguramente a tono de broma, con el micr\u00f3fono abierto, que se escuch\u00f3 en todo el auditorio y en la transmisi\u00f3n en vivo. &#8220;Che, Pedro, ah\u00ed esa foto es algo imprudente (&#8230;), me est\u00e1 haciendo la kip\u00e1 de carne&#8221;, ironiz\u00f3 el jefe de Estado, en relaci\u00f3n a su pelo y la peque\u00f1a gorra ritual usada por los varones jud\u00edos.<\/p>\n<p>El Presidente comenz\u00f3 su ponencia y dijo que la humanidad tiene 200.000 a\u00f1os de antig\u00fcedad, de los cuales &#8220;190.000 los vivimos en harapos&#8221;. Luego prosigui\u00f3: &#8220;Hace 10.000 a\u00f1os descubrimos la agricultura, lo que nos llev\u00f3 a organizarnos en sociedades m\u00e1s complejas&#8221; y a\u00f1adi\u00f3 que esto se tradujo en un aluvi\u00f3n de desarrollo mediante el cual el hombre logr\u00f3 conquistar &#8220;el mundo entero&#8221;.<\/p>\n<p>&#8220;La tecnolog\u00eda es la mayor muestra de las capacidades que tiene el ser humano, tanto a nivel individual como a nivel colectivo. Cada innovaci\u00f3n tecnol\u00f3gica es un paso m\u00e1s que ha dado el hombre para solucionar un problema, permiti\u00e9ndose tiempo ocioso para resolver el siguiente&#8221;, sostuvo Milei.<\/p>\n<p>El Presidente hizo referencia tambi\u00e9n a la relaci\u00f3n entre Internet, la pol\u00edtica y los medios de comunicaci\u00f3n: &#8220;Nunca hubo mejor momento para el ser humano de hoy, por m\u00e1s que los agoreros del mundo nos quieran hacer creer que el mundo se va al demonio&#8221;. Milei agreg\u00f3 que lo mismo sucede con Internet y la democratizaci\u00f3n del conocimiento, &#8220;que nos permite romper monopolios hist\u00f3ricos, c\u00f3mo por ejemplo el monopolio de la verdad&#8221; y apunt\u00f3 hacia los periodistas: &#8220;Ll\u00e1mese los micr\u00f3fonos ensobrados&#8221;.<\/p>\n<p>Milei sostuvo que &#8220;otro monopolio hist\u00f3rico que se est\u00e1 cayendo es el monopolio de las monedas&#8221; afirm\u00f3 el mandatario, y se\u00f1al\u00f3: &#8220;los individuos del mundo se cansaron del se\u00f1oreaje impuesto a dedo por bur\u00f3cratas de turno y comienzan a usar medios de cambio aut\u00f3nomos del poder central, pero aun as\u00ed confiables como las criptomonedas&#8221;.<\/p>\n<p>En este punto, el Presidente hizo un parate especial y advirti\u00f3: &#8220;No dejen que los Estados se hagan cargo de las criptomonedas. Ya se adue\u00f1aron del papel moneda y nos estafan a trav\u00e9s de los bancos centrales. Las criptomonedas deben seguir bajo la \u00f3rbita privada. Sean muy cuidadosos con ese tema&#8221;.<\/p>\n<p>El supuesto tercer monopolio que Javier Milei asegur\u00f3 que se termin\u00f3 gracias a los avances tecnol\u00f3gicos, es &#8220;el monopolio fiscal&#8221;. Seg\u00fan el Presidente &#8220;hoy cualquier ciudadano argentino puede decidir tributar en Estados Unidos, Uruguay o Paraguay, escapando de las fauces clept\u00f3manas de un Estado insaciable&#8221;.<\/p>\n<p>&#8220;En definitiva la tecnolog\u00eda es un aliado para el ciudadano en su b\u00fasqueda cotidiana de libertad&#8221;, asegur\u00f3 el Presidente.<\/p>\n<p>&nbsp;<\/p>\n<p><strong>&#8220;Estados Unidos nos est\u00e1 copiando el modelo&#8221;<\/strong><\/p>\n<p>En su alocuci\u00f3n, Javier Milei afirm\u00f3 tambi\u00e9n que allegados a Donald Trump, electo como presidente de Estados Unidos, iniciaron conversaciones con sus ministros para &#8220;copiar el modelo&#8221; de su administraci\u00f3n,<\/p>\n<p>&#8220;En Estados Unidos ya se dieron cuenta y nos est\u00e1n copiando el modelo&#8221;, se\u00f1al\u00f3 el presidente, ante la atenta mirada de los asistentes del auditorio conocido como La Ballena. En la misma l\u00ednea, ampli\u00f3: &#8220;De hecho Elon Musk tiene conversaciones con Federico Sturzenegger para ver c\u00f3mo desregular la econom\u00eda estadounidense&#8221;.<\/p>\n<p>De cara a la secretaria general de la Presidencia, Karina Milei, quien coordina la Marca Pa\u00eds, brome\u00f3: &#8220;El \u00b4afuera\u00b4 y la motosierra son productos de exportaci\u00f3n y parte de la marca pa\u00eds, as\u00ed que atenta Jefe&#8221;.<\/p>\n<p>&nbsp;<\/p>\n<p><strong>El chiste repetido de la &#8220;kip\u00e1 de carne&#8221;<\/strong><\/p>\n<p>El Presidente Milei se volvi\u00f3 autorreferencial, esta vez con el chiste de la &#8220;kip\u00e1 de carne&#8221;. Cabe recordar que ya utiliz\u00f3 el chascarrillo en otras oportunidades. Durante su entrevista con Susana Gimenez, que lo elogi\u00f3 por su pel\u00f3, apel\u00f3 a la frase y gener\u00f3 la carcajada de la diva de la televisi\u00f3n argentina.<\/p>\n<p>En esa oportunidad dijo &#8220;Uso el pelo as\u00ed desde los 14 a\u00f1os&#8221;, a lo que Susana Gim\u00e9nez le dijo con su cl\u00e1sica forma: &#8220;Pel\u00f3n eh&#8221;. El Presidente, r\u00e1pido de reflejos, le dijo &#8220;no se crea, me estoy armando una kip\u00e1 de carne ah\u00ed arriba&#8221;.<\/p>\n","protected":false},"excerpt":{"rendered":"<p>&#8220;Elon Musk tiene conversaciones con Federico Sturzenegger para ver c\u00f3mo desregular la econom\u00eda estadounidense&#8221;, lanz\u00f3 el Presidente &nbsp; &nbsp; El presidente Javier Milei brind\u00f3 un discurso en el marco del Meta Day, que se realiza este martes 12 de noviembre en Palacio Libertad. Pero antes de empezar brind\u00f3 una curiosa frase, seguramente a tono de broma, con el micr\u00f3fono abierto, que se escuch\u00f3 en todo el auditorio y en la transmisi\u00f3n en vivo. &#8220;Che, Pedro, ah\u00ed esa foto es algo imprudente (&#8230;), me est\u00e1 haciendo la kip\u00e1 de carne&#8221;, ironiz\u00f3&#8230;<\/p>\n","protected":false},"author":3,"featured_media":122597,"comment_status":"closed","ping_status":"closed","sticky":false,"template":"","format":"standard","meta":[],"categories":[18],"tags":[],"_links":{"self":[{"href":"https:\/\/www.actualidadadiario.com\/index.php\/wp-json\/wp\/v2\/posts\/122596"}],"collection":[{"href":"https:\/\/www.actualidadadiario.com\/index.php\/wp-json\/wp\/v2\/posts"}],"about":[{"href":"https:\/\/www.actualidadadiario.com\/index.php\/wp-json\/wp\/v2\/types\/post"}],"author":[{"embeddable":true,"href":"https:\/\/www.actualidadadiario.com\/index.php\/wp-json\/wp\/v2\/users\/3"}],"replies":[{"embeddable":true,"href":"https:\/\/www.actualidadadiario.com\/index.php\/wp-json\/wp\/v2\/comments?post=122596"}],"version-history":[{"count":1,"href":"https:\/\/www.actualidadadiario.com\/index.php\/wp-json\/wp\/v2\/posts\/122596\/revisions"}],"predecessor-version":[{"id":122598,"href":"https:\/\/www.actualidadadiario.com\/index.php\/wp-json\/wp\/v2\/posts\/122596\/revisions\/122598"}],"wp:featuredmedia":[{"embeddable":true,"href":"https:\/\/www.actualidadadiario.com\/index.php\/wp-json\/wp\/v2\/media\/122597"}],"wp:attachment":[{"href":"https:\/\/www.actualidadadiario.com\/index.php\/wp-json\/wp\/v2\/media?parent=122596"}],"wp:term":[{"taxonomy":"category","embeddable":true,"href":"https:\/\/www.actualidadadiario.com\/index.php\/wp-json\/wp\/v2\/categories?post=122596"},{"taxonomy":"post_tag","embeddable":true,"href":"https:\/\/www.actualidadadiario.com\/index.php\/wp-json\/wp\/v2\/tags?post=122596"}],"curies":[{"name":"wp","href":"https:\/\/api.w.org\/{rel}","templated":true}]}}