{"id":122590,"date":"2024-11-12T12:36:08","date_gmt":"2024-11-12T15:36:08","guid":{"rendered":"https:\/\/www.actualidadadiario.com\/?p=122590"},"modified":"2024-11-12T12:36:08","modified_gmt":"2024-11-12T15:36:08","slug":"milei-se-baja-de-la-cumbre-iberoamericana-para-ver-a-trump","status":"publish","type":"post","link":"https:\/\/www.actualidadadiario.com\/index.php\/2024\/11\/12\/milei-se-baja-de-la-cumbre-iberoamericana-para-ver-a-trump\/","title":{"rendered":"Milei se baja de la Cumbre Iberoamericana para ver a Trump"},"content":{"rendered":"<p style=\"text-align: center;\"><em><strong>Milei cancela su asistencia a la Cumbre Iberoamericana en Ecuador para participar en la CPAC en EE.UU., buscando una reuni\u00f3n clave con Trump<\/strong><\/em><\/p>\n<p>&nbsp;<\/p>\n<p>&nbsp;<\/p>\n<p>El presidente Javier Milei, tom\u00f3 una decisi\u00f3n que marca su pol\u00edtica exterior: se ausentar\u00e1 de la XXIX Cumbre Iberoamericana, que se celebrar\u00e1 en Cuenca, Ecuador, para participar en la Conferencia de Acci\u00f3n Pol\u00edtica Conservadora (CPAC) en Estados Unidos. Este evento se desarrollar\u00e1 del 14 al 16 de noviembre en Mar-a-Lago, Florida, residencia del presidente electo Donald Trump. Milei, quien ha expresado en reiteradas ocasiones su admiraci\u00f3n por Trump, buscar\u00eda concretar un encuentro con el l\u00edder estadounidense para fortalecer sus lazos internacionales y demostrar su alineaci\u00f3n con el nuevo rumbo de la Casa Blanca.<\/p>\n<p>&nbsp;<\/p>\n<p><strong>La Cumbre Iberoamericana sin Milei<\/strong><\/p>\n<p>La decisi\u00f3n del mandatario argentino de cancelar su participaci\u00f3n en la Cumbre Iberoamericana, que este a\u00f1o lleva como lema &#8220;Innovaci\u00f3n, Inclusi\u00f3n y Sostenibilidad&#8221;, ha sorprendido a varios observadores pol\u00edticos. Este foro, organizado por la Secretar\u00eda General Iberoamericana, es un espacio de di\u00e1logo que re\u00fane a 22 pa\u00edses, incluidos los 19 de Am\u00e9rica Latina y las naciones de la pen\u00ednsula ib\u00e9rica. En el evento estar\u00e1n presentes l\u00edderes como el rey Felipe VI de Espa\u00f1a y los presidentes de Paraguay, Santiago Pe\u00f1a, y Rep\u00fablica Dominicana, Luis Abinader.<\/p>\n<p>Fuentes de la Casa Rosada confirmaron que el presidente Milei decidi\u00f3 priorizar su viaje a Estados Unidos sobre el foro de Cuenca, ya que ambos eventos coinciden en agenda. Seg\u00fan inform\u00f3 el gobierno ecuatoriano, el presidente Daniel Noboa hab\u00eda incluido a Milei en la lista de asistentes confirmados, pero este \u00faltimo opt\u00f3 por desistir de su participaci\u00f3n debido a la relevancia que, en su visi\u00f3n, representa el encuentro con Trump.<\/p>\n<p>&nbsp;<\/p>\n<p><strong>Milei en la CPAC y la expectativa de una reuni\u00f3n con Trump<\/strong><\/p>\n<p>La CPAC, uno de los eventos conservadores m\u00e1s importantes de Estados Unidos, se realizar\u00e1 esta vez en el complejo Mar-a-Lago, un lugar que se ha convertido en centro de poder de Trump. El presidente argentino ha manifestado abiertamente su intenci\u00f3n de alinear su pol\u00edtica exterior con la estadounidense, un acercamiento que, seg\u00fan analistas, busca proyectar un mensaje de apoyo a los valores republicanos y fortalecer su posici\u00f3n dentro de Am\u00e9rica Latina.<\/p>\n<p>Aunque a\u00fan no hay confirmaci\u00f3n oficial de un encuentro privado entre ambos mandatarios, Milei est\u00e1 decidido a conseguir la tan ansiada foto con el l\u00edder republicano. Seg\u00fan el periodista Ignacio Ortelli, no hay una reuni\u00f3n formal agendada, y las posibilidades de que Milei y Trump se encuentren depender\u00e1n de las circunstancias en el evento. \u201cCapaz que se encuentran en un pasillo\u201d, ironiz\u00f3 el periodista de LN+ sobre la determinaci\u00f3n del mandatario argentino de acercarse a uno de sus referentes pol\u00edticos.<\/p>\n<p>&nbsp;<\/p>\n<p><strong>Pr\u00f3ximos encuentros de Milei con l\u00edderes internacionales<\/strong><\/p>\n<p>La agenda internacional de Milei no se limita a la CPAC. Tras su breve estad\u00eda en Estados Unidos, el presidente regresar\u00e1 a Buenos Aires, donde tiene programados encuentros con otros l\u00edderes globales. El pr\u00f3ximo domingo, recibir\u00e1 al mandatario franc\u00e9s, Emmanuel Macron, y, el 20 de noviembre, se reunir\u00e1 con la primera ministra de Italia, Giorgia Meloni. Ambos encuentros anticipan su participaci\u00f3n en la pr\u00f3xima cumbre del G20, a celebrarse en Brasil.<\/p>\n<p>Estas reuniones son parte de la estrategia de Milei para afianzar la posici\u00f3n de Argentina en la esfera global, con un enfoque en alianzas bilaterales y la defensa de valores conservadores en el \u00e1mbito internacional.<\/p>\n","protected":false},"excerpt":{"rendered":"<p>Milei cancela su asistencia a la Cumbre Iberoamericana en Ecuador para participar en la CPAC en EE.UU., buscando una reuni\u00f3n clave con Trump &nbsp; &nbsp; El presidente Javier Milei, tom\u00f3 una decisi\u00f3n que marca su pol\u00edtica exterior: se ausentar\u00e1 de la XXIX Cumbre Iberoamericana, que se celebrar\u00e1 en Cuenca, Ecuador, para participar en la Conferencia de Acci\u00f3n Pol\u00edtica Conservadora (CPAC) en Estados Unidos. Este evento se desarrollar\u00e1 del 14 al 16 de noviembre en Mar-a-Lago, Florida, residencia del presidente electo Donald Trump. Milei, quien ha expresado en reiteradas ocasiones su&#8230;<\/p>\n","protected":false},"author":3,"featured_media":122591,"comment_status":"closed","ping_status":"closed","sticky":false,"template":"","format":"standard","meta":[],"categories":[9],"tags":[],"_links":{"self":[{"href":"https:\/\/www.actualidadadiario.com\/index.php\/wp-json\/wp\/v2\/posts\/122590"}],"collection":[{"href":"https:\/\/www.actualidadadiario.com\/index.php\/wp-json\/wp\/v2\/posts"}],"about":[{"href":"https:\/\/www.actualidadadiario.com\/index.php\/wp-json\/wp\/v2\/types\/post"}],"author":[{"embeddable":true,"href":"https:\/\/www.actualidadadiario.com\/index.php\/wp-json\/wp\/v2\/users\/3"}],"replies":[{"embeddable":true,"href":"https:\/\/www.actualidadadiario.com\/index.php\/wp-json\/wp\/v2\/comments?post=122590"}],"version-history":[{"count":1,"href":"https:\/\/www.actualidadadiario.com\/index.php\/wp-json\/wp\/v2\/posts\/122590\/revisions"}],"predecessor-version":[{"id":122592,"href":"https:\/\/www.actualidadadiario.com\/index.php\/wp-json\/wp\/v2\/posts\/122590\/revisions\/122592"}],"wp:featuredmedia":[{"embeddable":true,"href":"https:\/\/www.actualidadadiario.com\/index.php\/wp-json\/wp\/v2\/media\/122591"}],"wp:attachment":[{"href":"https:\/\/www.actualidadadiario.com\/index.php\/wp-json\/wp\/v2\/media?parent=122590"}],"wp:term":[{"taxonomy":"category","embeddable":true,"href":"https:\/\/www.actualidadadiario.com\/index.php\/wp-json\/wp\/v2\/categories?post=122590"},{"taxonomy":"post_tag","embeddable":true,"href":"https:\/\/www.actualidadadiario.com\/index.php\/wp-json\/wp\/v2\/tags?post=122590"}],"curies":[{"name":"wp","href":"https:\/\/api.w.org\/{rel}","templated":true}]}}