{"id":122587,"date":"2024-11-12T12:11:40","date_gmt":"2024-11-12T15:11:40","guid":{"rendered":"https:\/\/www.actualidadadiario.com\/?p=122587"},"modified":"2024-11-12T12:11:40","modified_gmt":"2024-11-12T15:11:40","slug":"argentina-fue-el-unico-pais-en-votar-en-contra-de-una-resolucion-de-la-onu-sobre-derechos-de-los-pueblos-indigenas","status":"publish","type":"post","link":"https:\/\/www.actualidadadiario.com\/index.php\/2024\/11\/12\/argentina-fue-el-unico-pais-en-votar-en-contra-de-una-resolucion-de-la-onu-sobre-derechos-de-los-pueblos-indigenas\/","title":{"rendered":"Argentina fue el \u00fanico pa\u00eds en votar en contra de una resoluci\u00f3n de la ONU sobre derechos de los pueblos ind\u00edgenas"},"content":{"rendered":"<p style=\"text-align: center;\"><em><strong>La resoluci\u00f3n, que busca reconocer y respetar a las comunidades nativas, tuvo 168 votos favorables y 7 abstenciones<\/strong><\/em><\/p>\n<p>&nbsp;<\/p>\n<p>&nbsp;<\/p>\n<p>Argentina fue el \u00fanico pa\u00eds que vot\u00f3 en contra de una resoluci\u00f3n de las Naciones Unidas (ONU) sobre los derechos de los pueblos ind\u00edgenas.<\/p>\n<p>En una sesi\u00f3n celebrada este lunes en la sede del organismo, en Nueva York, EE.UU., se trat\u00f3 una resoluci\u00f3n que busca promover la protecci\u00f3n de las comunidades abor\u00edgenes, y tuvo un apoyo casi un\u00e1nime.<\/p>\n<p>El documento cosech\u00f3 168 votos afirmativos, 7 abstenciones y un \u00fanico rechazo, a cargo de la nueva gesti\u00f3n de la Canciller\u00eda argentina, encabezada por Gerardo Werthein, exembajador en Washington.<\/p>\n<p>Entre los pa\u00edses que votaron a favor estuvieron EE.UU. e Israel, con los que el Gobierno de Javier Milei dice estar alineado. En este caso, Argentina se posicion\u00f3 en disidencia.<\/p>\n<p>&nbsp;<\/p>\n<p><strong>La explicaci\u00f3n de la Canciller\u00eda<\/strong><\/p>\n<p>La representante argentina que particip\u00f3 de la sesi\u00f3n argument\u00f3 la postura de la naci\u00f3n sudamericana: &#8220;La Argentina favorece la protecci\u00f3n de los derechos de las poblaciones ind\u00edgenas en sus diversas tradiciones culturales en la medida en que la riqueza y la diversidad cultural aporta a la vida social (sic). Considera, sin embargo, que en el documento sujeto a votaci\u00f3n no figura suficientemente garantizado el acceso a los derechos humanos a las poblaciones ind\u00edgenas sin discriminaci\u00f3n&#8221;, sostuvo Andrea Repetti, ministra plenipotenciaria de la tercera comisi\u00f3n de la misi\u00f3n permanente de Argentina ante Naciones Unidas.<\/p>\n<p>Seg\u00fan la funcionaria, &#8220;la afirmaci\u00f3n de la promoci\u00f3n de pr\u00e1cticas ancestrales puede dar lugar a la validaci\u00f3n de tradiciones que podr\u00edan estar encontradas con los derechos fundamentales de mujeres y ni\u00f1as, o el derecho a la salud y acceso al progreso cient\u00edfico&#8221;.<\/p>\n<p>Asimismo, consider\u00f3 que &#8220;el uso de terminolog\u00edas ambiguas y amplias dificulta y confronta con derechos humanos de garant\u00eda universal&#8221;. Y agreg\u00f3: &#8220;Argentina celebra el respeto a la libertad religiosa y cultural de todas las personas, siempre en el marco de la universalidad de los derechos humanos para todos y quiere seguir contribuyendo y trabajando para que esa garant\u00eda sea realidad sin discriminaci\u00f3n alguna&#8221;.<\/p>\n<p>El voto argentino en la ONU fue el primero bajo la administraci\u00f3n de Werthein, quien asumi\u00f3 la semana pasada en reemplazo de la excanciller Diana Mondino.<\/p>\n<p>Mondino fue despedida por Milei luego de haber emitido un voto en la ONU en contra del bloqueo a Cuba. En ese caso, EE.UU. e Israel fueron los \u00fanicos que se pronunciaron por la continuidad del embargo a la isla. Fue justamente esa postura diferente a la de los pa\u00edses con los que el Gobierno argentino pretende alinearse, lo que impuls\u00f3 al presidente a pedirle la renuncia a la canciller anterior.<\/p>\n<p>&nbsp;<\/p>\n<p><strong>Qu\u00e9 dice la resoluci\u00f3n<\/strong><\/p>\n<p>&#8220;Es necesario reconocer, respetar, promover y proteger los derechos de los pueblos ind\u00edgenas y sus territorios, tierras y ecosistemas, salvaguardando al mismo tiempo sus tradiciones, creencias espirituales y conocimientos ancestrales&#8221;, se\u00f1ala el documento de 16 p\u00e1ginas en uno de sus p\u00e1rrafos, reporta La Naci\u00f3n.<\/p>\n<p>La resoluci\u00f3n, presentada en octubre, remarca la importancia de lograr los objetivos de la Declaraci\u00f3n de las Naciones Unidas sobre los Derechos de los Pueblos Ind\u00edgenas, aprobada en 2007 y a la que Argentina adhiere. Entre otras metas, apunta a &#8220;reforzar sus propias instituciones pol\u00edticas, jur\u00eddicas, econ\u00f3micas, sociales y culturales, manteniendo a la vez su derecho a participar plenamente, si lo desean, en la vida pol\u00edtica, econ\u00f3mica, social y cultural del Estado&#8221;.<\/p>\n<p>Tambi\u00e9n se busca garantizar el derecho de los pueblos nativos a &#8220;participar en la adopci\u00f3n de decisiones sobre asuntos que afecten a sus derechos, con arreglo a la legislaci\u00f3n&#8221;.<\/p>\n","protected":false},"excerpt":{"rendered":"<p>La resoluci\u00f3n, que busca reconocer y respetar a las comunidades nativas, tuvo 168 votos favorables y 7 abstenciones &nbsp; &nbsp; Argentina fue el \u00fanico pa\u00eds que vot\u00f3 en contra de una resoluci\u00f3n de las Naciones Unidas (ONU) sobre los derechos de los pueblos ind\u00edgenas. En una sesi\u00f3n celebrada este lunes en la sede del organismo, en Nueva York, EE.UU., se trat\u00f3 una resoluci\u00f3n que busca promover la protecci\u00f3n de las comunidades abor\u00edgenes, y tuvo un apoyo casi un\u00e1nime. El documento cosech\u00f3 168 votos afirmativos, 7 abstenciones y un \u00fanico rechazo,&#8230;<\/p>\n","protected":false},"author":3,"featured_media":122588,"comment_status":"closed","ping_status":"closed","sticky":false,"template":"","format":"standard","meta":[],"categories":[9],"tags":[],"_links":{"self":[{"href":"https:\/\/www.actualidadadiario.com\/index.php\/wp-json\/wp\/v2\/posts\/122587"}],"collection":[{"href":"https:\/\/www.actualidadadiario.com\/index.php\/wp-json\/wp\/v2\/posts"}],"about":[{"href":"https:\/\/www.actualidadadiario.com\/index.php\/wp-json\/wp\/v2\/types\/post"}],"author":[{"embeddable":true,"href":"https:\/\/www.actualidadadiario.com\/index.php\/wp-json\/wp\/v2\/users\/3"}],"replies":[{"embeddable":true,"href":"https:\/\/www.actualidadadiario.com\/index.php\/wp-json\/wp\/v2\/comments?post=122587"}],"version-history":[{"count":1,"href":"https:\/\/www.actualidadadiario.com\/index.php\/wp-json\/wp\/v2\/posts\/122587\/revisions"}],"predecessor-version":[{"id":122589,"href":"https:\/\/www.actualidadadiario.com\/index.php\/wp-json\/wp\/v2\/posts\/122587\/revisions\/122589"}],"wp:featuredmedia":[{"embeddable":true,"href":"https:\/\/www.actualidadadiario.com\/index.php\/wp-json\/wp\/v2\/media\/122588"}],"wp:attachment":[{"href":"https:\/\/www.actualidadadiario.com\/index.php\/wp-json\/wp\/v2\/media?parent=122587"}],"wp:term":[{"taxonomy":"category","embeddable":true,"href":"https:\/\/www.actualidadadiario.com\/index.php\/wp-json\/wp\/v2\/categories?post=122587"},{"taxonomy":"post_tag","embeddable":true,"href":"https:\/\/www.actualidadadiario.com\/index.php\/wp-json\/wp\/v2\/tags?post=122587"}],"curies":[{"name":"wp","href":"https:\/\/api.w.org\/{rel}","templated":true}]}}