{"id":12257,"date":"2017-05-30T10:24:00","date_gmt":"2017-05-30T13:24:00","guid":{"rendered":"http:\/\/actualidadadiario.com\/site\/?p=12257"},"modified":"2017-05-30T10:24:00","modified_gmt":"2017-05-30T13:24:00","slug":"quien-es-faurie-reeemplazante-de-malcorra-en-cancilleria","status":"publish","type":"post","link":"https:\/\/www.actualidadadiario.com\/index.php\/2017\/05\/30\/quien-es-faurie-reeemplazante-de-malcorra-en-cancilleria\/","title":{"rendered":"Qui\u00e9n es Faurie, reeemplazante de Malcorra en Canciller\u00eda"},"content":{"rendered":"<p><em><strong>El actual embajador argentino en Francia es un funcionario de carrera, quien tuvo a su cargo la organizaci\u00f3n de la ceremonia de asunci\u00f3n de Macri<\/strong><\/em><\/p>\n<p>&nbsp;<\/p>\n<p>&nbsp;<\/p>\n<p>&nbsp;<\/p>\n<p>Jorge Marcelo Faurie, el diplom\u00e1tico de carrera elegido por Mauricio Macri para reemplazar a Susana Malcorra, fue vicecanciller en 2002 y se encarg\u00f3 de la organizaci\u00f3n de la ceremonia de asunci\u00f3n del Presidente en 2015, en medio de la tensi\u00f3n con el kirchnerismo.<\/p>\n<p>&nbsp;<\/p>\n<p>El pr\u00f3ximo 12 de junio asumir\u00e1 al frente del Palacio San Mart\u00edn, con la directiva oficial de continuar la l\u00ednea pol\u00edtica que marc\u00f3 la saliente Susana Malcorra.<\/p>\n<p>&nbsp;<\/p>\n<p>Faurie se desempe\u00f1a actualmente como embajador en Francia, a donde fue destinado tras la llegada al poder de Macri, a quien le organiz\u00f3 la ceremonia de asunci\u00f3n, en medio de las tensiones que por ese evento se suscitaron con la administraci\u00f3n de Cristina Kirchner.<\/p>\n<p>&nbsp;<\/p>\n<p>Faurie naci\u00f3 el 24 de diciembre de 1951 y es embajador Extraordinario y Plenipotenciario desde el a\u00f1o 1998, se inform\u00f3 oficialmente.<\/p>\n<p>&nbsp;<\/p>\n<p>En 2002, durante la gesti\u00f3n de Carlos Ruckauf como canciller, fue el n\u00famero dos del Ministerio, mientras que durante el kirchnerismo fue embajador en Portugal (2002-2013) y secretario de Coordinaci\u00f3n y Cooperaci\u00f3n Internacional (2014-2015).<\/p>\n<p>&nbsp;<\/p>\n<p>Antes fue Director Nacional de Ceremonial del Ministerio de Relaciones Exteriores (1998-1999), jefe de Gabinete de la Secretar\u00eda de Relaciones Exteriores del Ministerio (1997-1998) y Director de Mercosur del Ministerio (1992-1994), entre otros cargos.<\/p>\n","protected":false},"excerpt":{"rendered":"<p>El actual embajador argentino en Francia es un funcionario de carrera, quien tuvo a su cargo la organizaci\u00f3n de la ceremonia de asunci\u00f3n de Macri &nbsp; &nbsp; &nbsp; Jorge Marcelo Faurie, el diplom\u00e1tico de carrera elegido por Mauricio Macri para reemplazar a Susana Malcorra, fue vicecanciller en 2002 y se encarg\u00f3 de la organizaci\u00f3n de la ceremonia de asunci\u00f3n del Presidente en 2015, en medio de la tensi\u00f3n con el kirchnerismo. &nbsp; El pr\u00f3ximo 12 de junio asumir\u00e1 al frente del Palacio San Mart\u00edn, con la directiva oficial de continuar&#8230;<\/p>\n","protected":false},"author":3,"featured_media":12258,"comment_status":"closed","ping_status":"closed","sticky":false,"template":"","format":"standard","meta":[],"categories":[18],"tags":[],"_links":{"self":[{"href":"https:\/\/www.actualidadadiario.com\/index.php\/wp-json\/wp\/v2\/posts\/12257"}],"collection":[{"href":"https:\/\/www.actualidadadiario.com\/index.php\/wp-json\/wp\/v2\/posts"}],"about":[{"href":"https:\/\/www.actualidadadiario.com\/index.php\/wp-json\/wp\/v2\/types\/post"}],"author":[{"embeddable":true,"href":"https:\/\/www.actualidadadiario.com\/index.php\/wp-json\/wp\/v2\/users\/3"}],"replies":[{"embeddable":true,"href":"https:\/\/www.actualidadadiario.com\/index.php\/wp-json\/wp\/v2\/comments?post=12257"}],"version-history":[{"count":1,"href":"https:\/\/www.actualidadadiario.com\/index.php\/wp-json\/wp\/v2\/posts\/12257\/revisions"}],"predecessor-version":[{"id":12259,"href":"https:\/\/www.actualidadadiario.com\/index.php\/wp-json\/wp\/v2\/posts\/12257\/revisions\/12259"}],"wp:featuredmedia":[{"embeddable":true,"href":"https:\/\/www.actualidadadiario.com\/index.php\/wp-json\/wp\/v2\/media\/12258"}],"wp:attachment":[{"href":"https:\/\/www.actualidadadiario.com\/index.php\/wp-json\/wp\/v2\/media?parent=12257"}],"wp:term":[{"taxonomy":"category","embeddable":true,"href":"https:\/\/www.actualidadadiario.com\/index.php\/wp-json\/wp\/v2\/categories?post=12257"},{"taxonomy":"post_tag","embeddable":true,"href":"https:\/\/www.actualidadadiario.com\/index.php\/wp-json\/wp\/v2\/tags?post=12257"}],"curies":[{"name":"wp","href":"https:\/\/api.w.org\/{rel}","templated":true}]}}