{"id":122567,"date":"2024-11-12T10:54:20","date_gmt":"2024-11-12T13:54:20","guid":{"rendered":"https:\/\/www.actualidadadiario.com\/?p=122567"},"modified":"2024-11-12T10:54:20","modified_gmt":"2024-11-12T13:54:20","slug":"los-docentes-aceptarian-la-oferta-salarial-del-gobierno","status":"publish","type":"post","link":"https:\/\/www.actualidadadiario.com\/index.php\/2024\/11\/12\/los-docentes-aceptarian-la-oferta-salarial-del-gobierno\/","title":{"rendered":"Los docentes aceptar\u00edan la oferta salarial del Gobierno"},"content":{"rendered":"<p style=\"text-align: center;\"><em><strong>El congreso provincial de la Asociaci\u00f3n Gremial del Magisterio de Entre R\u00edos (Agmer), que este martes sesiona en Paran\u00e1, votar\u00e1 la aceptaci\u00f3n de la oferta salarial que el jueves 7 present\u00f3 el Gobierno en la reanudaci\u00f3n de la discusi\u00f3n paritaria salarial con los sindicatos docentes<\/strong><\/em><\/p>\n<p>&nbsp;<\/p>\n<p>&nbsp;<\/p>\n<p>La decisi\u00f3n supondr\u00e1 un fuerte respaldo a la pol\u00edtica salarial del gobernador Rogelio Frigerio y le asegura un fin de ciclo lectivo 2024 sin sobresaltos y un arranque de 2025 sin nubarrones: la propuesta alcanza hasta el primer semestre de 2025.<\/p>\n<p>La aceptaci\u00f3n de la propuesta de aumento salarial por el congreso habilita a la reanudaci\u00f3n de la negociaci\u00f3n paritaria luego del cuarto intermedio que se abri\u00f3 el jueves. Despu\u00e9s del congreso de este martes, el mi\u00e9rcoles Gobierno y gremios de los maestros volver\u00e1n a sentarse en la Secretar\u00eda de Trabajo, ya para cerrar el armisticio.<\/p>\n<p>\u201cEs muy poco probable que se adopten medidas de acci\u00f3n, aunque no las descarto. La perspectiva de una buena parte de la conducci\u00f3n es imaginar un congreso sin medidas de acci\u00f3n\u201d, hab\u00edan anticipado desde la conducci\u00f3n de Agmer.<\/p>\n<p>&nbsp;<\/p>\n<p><strong>Aceptaci\u00f3n<\/strong><\/p>\n<p>Este lunes por la noche, al concluir las asambleas departamentales que traer\u00e1n los mandatos al congreso que se desarrollar\u00e1 este martes en la sede de la seccional Paran\u00e1 de Agmer, el sitio &#8220;Entre R\u00edos Ahora&#8221; relev\u00f3 mandatos y el resultado fue de aceptaci\u00f3n. Los dirigentes consultados aportaron una informaci\u00f3n adicional: la seccional anfitriona del congreso, Paran\u00e1, vot\u00f3 por la aceptaci\u00f3n de lo propuesto por el Gobierno.<\/p>\n<p>&nbsp;<\/p>\n<p><strong>La oferta que present\u00f3 el Poder Ejecutivo consiste de seis puntos:<\/strong><\/p>\n<p>1- Con los haberes del mes de noviembre de 2024, se pagar\u00e1n las 2 cuotas de la recomposici\u00f3n del primer semestre (la segunda y la tercera cuota de los 2,183% pendientes juntas, que suman el 4,366%).<\/p>\n<p>2- A partir de los sueldos correspondientes al mes de noviembre de 2024, se cambia la base de c\u00e1lculo al mes de octubre de 2024.<\/p>\n<p>3- Incremento salarial equivalente al \u00edndice de precios al consumidor (IPC) del mes inmediato anterior, a partir de los haberes del mes de enero de 2025 hasta junio de 2025.<\/p>\n<p>4- A partir de los haberes del mes de febrero de 2025, cambia la base de c\u00e1lculo a enero de 2025.<\/p>\n<p>5- Durante el mes de febrero de 2025, se pagar\u00e1 la diferencia del desfasaje producido entre las pautas salariales y la inflaci\u00f3n del segundo semestre de 2024.<\/p>\n<p>6- A partir del a\u00f1o 2025, se quita el tope de kilometraje establecido para el c\u00f3digo 029, que beneficia a los docentes que deben trasladarse de una ciudad a otra.<\/p>\n<p>El 17 de octubre Agmer reuni\u00f3 su congreso en San Salvador y reclam\u00f3 a la administraci\u00f3n del gobernador Rogelio Frigerio la convocatoria a negociaci\u00f3n salarial so pena de aplicar un paro de 48 horas. El conflicto en las escuelas se evit\u00f3: el lunes 28 de octubre, Frigerio se sent\u00f3 con los sindicatos docentes en Casa de Gobierno, y luego lleg\u00f3 la convocatoria a paritaria para el \u00faltimo jueves 9.<\/p>\n","protected":false},"excerpt":{"rendered":"<p>El congreso provincial de la Asociaci\u00f3n Gremial del Magisterio de Entre R\u00edos (Agmer), que este martes sesiona en Paran\u00e1, votar\u00e1 la aceptaci\u00f3n de la oferta salarial que el jueves 7 present\u00f3 el Gobierno en la reanudaci\u00f3n de la discusi\u00f3n paritaria salarial con los sindicatos docentes &nbsp; &nbsp; La decisi\u00f3n supondr\u00e1 un fuerte respaldo a la pol\u00edtica salarial del gobernador Rogelio Frigerio y le asegura un fin de ciclo lectivo 2024 sin sobresaltos y un arranque de 2025 sin nubarrones: la propuesta alcanza hasta el primer semestre de 2025. La aceptaci\u00f3n&#8230;<\/p>\n","protected":false},"author":3,"featured_media":91487,"comment_status":"closed","ping_status":"closed","sticky":false,"template":"","format":"standard","meta":[],"categories":[15],"tags":[],"_links":{"self":[{"href":"https:\/\/www.actualidadadiario.com\/index.php\/wp-json\/wp\/v2\/posts\/122567"}],"collection":[{"href":"https:\/\/www.actualidadadiario.com\/index.php\/wp-json\/wp\/v2\/posts"}],"about":[{"href":"https:\/\/www.actualidadadiario.com\/index.php\/wp-json\/wp\/v2\/types\/post"}],"author":[{"embeddable":true,"href":"https:\/\/www.actualidadadiario.com\/index.php\/wp-json\/wp\/v2\/users\/3"}],"replies":[{"embeddable":true,"href":"https:\/\/www.actualidadadiario.com\/index.php\/wp-json\/wp\/v2\/comments?post=122567"}],"version-history":[{"count":1,"href":"https:\/\/www.actualidadadiario.com\/index.php\/wp-json\/wp\/v2\/posts\/122567\/revisions"}],"predecessor-version":[{"id":122568,"href":"https:\/\/www.actualidadadiario.com\/index.php\/wp-json\/wp\/v2\/posts\/122567\/revisions\/122568"}],"wp:featuredmedia":[{"embeddable":true,"href":"https:\/\/www.actualidadadiario.com\/index.php\/wp-json\/wp\/v2\/media\/91487"}],"wp:attachment":[{"href":"https:\/\/www.actualidadadiario.com\/index.php\/wp-json\/wp\/v2\/media?parent=122567"}],"wp:term":[{"taxonomy":"category","embeddable":true,"href":"https:\/\/www.actualidadadiario.com\/index.php\/wp-json\/wp\/v2\/categories?post=122567"},{"taxonomy":"post_tag","embeddable":true,"href":"https:\/\/www.actualidadadiario.com\/index.php\/wp-json\/wp\/v2\/tags?post=122567"}],"curies":[{"name":"wp","href":"https:\/\/api.w.org\/{rel}","templated":true}]}}