{"id":122557,"date":"2024-11-12T10:51:04","date_gmt":"2024-11-12T13:51:04","guid":{"rendered":"https:\/\/www.actualidadadiario.com\/?p=122557"},"modified":"2024-11-12T10:51:04","modified_gmt":"2024-11-12T13:51:04","slug":"acercan-posiciones-para-sacar-la-reforma-politica","status":"publish","type":"post","link":"https:\/\/www.actualidadadiario.com\/index.php\/2024\/11\/12\/acercan-posiciones-para-sacar-la-reforma-politica\/","title":{"rendered":"Acercan posiciones para sacar la reforma pol\u00edtica"},"content":{"rendered":"<p style=\"text-align: center;\"><em><strong>El oficialismo mostr\u00f3 voluntad de negociar cambios sugeridos por la oposici\u00f3n peronista. Con ese fin, se posterg\u00f3 un d\u00eda la reuni\u00f3n de comisi\u00f3n de esta semana. Hay temas en los que podr\u00eda ceder y otros en los que no. Frigerio da la \u00faltima palabra a los acuerdos. Los tres puntos en conflicto<\/strong><\/em><\/p>\n<p>&nbsp;<\/p>\n<p>&nbsp;<\/p>\n<p>&nbsp;<\/p>\n<p>El debate por la reforma pol\u00edtica que impulsa el gobierno de Rogelio Frigerio inicia otra semana en la que el oficialismo se entusiasma con la posibilidad de alcanzar un dictamen de comisi\u00f3n. Pero el peronismo, como principal bloque opositor, se ha venido quejando por la falta de respuestas a sus aportes y correcciones. Perciben un apresuramiento del Ejecutivo por sancionar la iniciativa, en desmedro del consenso necesario para alcanzar un dictamen conjunto.<\/p>\n<p>Sin embargo, hubo en los \u00faltimos d\u00edas conversaciones informales tendientes a acercar posiciones sobre los principales puntos en desacuerdo. Con el prop\u00f3sito de poder arribar al mayor consenso posible, se decidi\u00f3 que la reuni\u00f3n semanal de comisi\u00f3n que viene revisando art\u00edculo por art\u00edculo pase del martes al mi\u00e9rcoles, a las 15.<\/p>\n<p>&nbsp;<\/p>\n<p><strong>Los puntos principales que traban la discusi\u00f3n con el peronismo <\/strong><\/p>\n<p><strong>1.- Dise\u00f1o de la BUP.<\/strong> El peronismo pide que la boleta \u00fanica de papel de Entre R\u00edos siga el mismo formato de la boleta \u00fanica nacional recientemente sancionada por el Congreso. En la disposici\u00f3n de columnas y l\u00edneas, la nacional sigue el modelo de Mendoza, mientras la entrerriana el de C\u00f3rdoba, que es inverso.<\/p>\n<p>Aunque en el caso de una elecci\u00f3n provincial simult\u00e1nea con la nacional ya no habr\u00e1 arrastre porque se vota con boletas \u00fanicas separadas (una nacional y otra provincial), el argumento es que el formato inverso de ambas BUP puede llevar a confusiones en el elector.<\/p>\n<p>Los diputados del oficialismo sostienen que el dise\u00f1o que toma Entre R\u00edos (con disposici\u00f3n de columnas y l\u00edneas al estilo C\u00f3rdoba) es m\u00e1s f\u00e1cil de entender para el elector. De cualquier manera, admiten que la coexistencia de dos modelos de BUP podr\u00eda generar alg\u00fan tipo de confusi\u00f3n.<\/p>\n<p><strong>2.-Adhesiones en las PASO.<\/strong> El proyecto pone restricciones a la cantidad de adhesiones de precandidaturas que se puedan hacer en las elecciones primarias dentro de una misma fuerza pol\u00edtica. Argumentan que las limitaciones son necesarias para que la boleta no se vuelva incomprensible.<\/p>\n<p>Por ejemplo, un frente electoral tiene 3 precandidatos a gobernador y 7 precandidatos a intendentes en una ciudad. Si se habilitan los pegados, todos con todos, ese frente electoral podr\u00eda llegar a tener 21 renglones con diferentes ofertas para las PASO. Y ac\u00e1 no estamos contando la posibilidad de que haya m\u00e1s de un candidato a senador, con lo cual ese n\u00famero de reglones se podr\u00eda duplicar.<\/p>\n<p>El peronismo pide, en principio, el m\u00faltiple pegado de boleta (que no se ponga ning\u00fan l\u00edmite). Para el oficialismo eso es como pedir, lisa y llanamente, que no se adopte la BUP.<\/p>\n<p>Pero, en particular, el peronismo se opuso a que las restricciones al pegado de boleta que se imponen (para que la BUP no se convierta en un gigante mantel inmanejable) se resuelvan a favor del precandidato a gobernador (que puede pegar con muchos intendentes) y en desmedro de los intendentes (que s\u00f3lo puede pegar con un gobernador).\u00a0 Advierten aqu\u00ed una reforma a la medida de los intereses de Frigerio, a quien ven buscando su reelecci\u00f3n en 2027.<\/p>\n<p>Hasta este lunes, la oposici\u00f3n no hab\u00eda presentado una redacci\u00f3n alternativa para las adhesiones. En el oficialismo aseguran que est\u00e1n dispuestos a escuchar variantes de restricciones.<\/p>\n<p><strong>3.- Plazo para convocar a elecciones.<\/strong> El peronismo se queja porque el proyecto acorta el tiempo para que el gobernador decida si se vota en conjunto o separado de las elecciones nacionales. Hay que recordar que si el Ejecutivo no convoca a elecciones, autom\u00e1ticamente se vota gobernador e intendentes en la misma fecha que presidente. Con la ley vigente, el gobernador tiene tiempo de llamar a elecciones provinciales hasta 150 d\u00edas antes de los comicios. El proyecto dispone que sean 110 d\u00edas.<\/p>\n<p>Los diputados del oficialismo dicen que el plazo es el mismo, porque los 150 d\u00edas se cuentan desde la fecha de las elecciones nacionales y los 110 desde la fecha de las elecciones provinciales. En ambos casos, el gobernador tendr\u00eda tiempo de convocar a elecciones -y en consecuencia de definir si hay o no desdoblamiento- hasta el mes de marzo del a\u00f1o electoral.<\/p>\n<p>En este punto, el oficialismo estar\u00eda dispuesto a ceder. Tal vez acordar en 120 o 125 d\u00edas, de manera que para fines de febrero o principios de marzo se sepa si el gobernador se elige el mismo d\u00eda que el presidente. Ya sin efecto arrastre de por medio, se descomprime la disyuntiva entre simultaneidad y desdoblamiento, aunque la incidencia en la campa\u00f1a electoral siga existiendo.<\/p>\n<p>&nbsp;<\/p>\n<p><strong>Partidos<\/strong><\/p>\n<p>Hubo puntos en los que el oficialismo cedi\u00f3 a posiciones del peronismo. Uno de ellos fue dar marcha atr\u00e1s con la reforma a la ley de partidos pol\u00edticos que impon\u00eda la BUP para las elecciones partidarias. Se tom\u00f3 el argumento de que ser\u00eda una injerencia de la ley en las reglamentaciones internas de los paridos.<\/p>\n<p>Para los radicales este no es un tema de discusi\u00f3n, ya que su carta org\u00e1nica adopt\u00f3 hace tiempo la BUP, la representaci\u00f3n de minor\u00edas y la equidad de g\u00e9nero.<\/p>\n","protected":false},"excerpt":{"rendered":"<p>El oficialismo mostr\u00f3 voluntad de negociar cambios sugeridos por la oposici\u00f3n peronista. Con ese fin, se posterg\u00f3 un d\u00eda la reuni\u00f3n de comisi\u00f3n de esta semana. Hay temas en los que podr\u00eda ceder y otros en los que no. Frigerio da la \u00faltima palabra a los acuerdos. Los tres puntos en conflicto &nbsp; &nbsp; &nbsp; El debate por la reforma pol\u00edtica que impulsa el gobierno de Rogelio Frigerio inicia otra semana en la que el oficialismo se entusiasma con la posibilidad de alcanzar un dictamen de comisi\u00f3n. Pero el peronismo,&#8230;<\/p>\n","protected":false},"author":3,"featured_media":122558,"comment_status":"closed","ping_status":"closed","sticky":false,"template":"","format":"standard","meta":[],"categories":[15],"tags":[],"_links":{"self":[{"href":"https:\/\/www.actualidadadiario.com\/index.php\/wp-json\/wp\/v2\/posts\/122557"}],"collection":[{"href":"https:\/\/www.actualidadadiario.com\/index.php\/wp-json\/wp\/v2\/posts"}],"about":[{"href":"https:\/\/www.actualidadadiario.com\/index.php\/wp-json\/wp\/v2\/types\/post"}],"author":[{"embeddable":true,"href":"https:\/\/www.actualidadadiario.com\/index.php\/wp-json\/wp\/v2\/users\/3"}],"replies":[{"embeddable":true,"href":"https:\/\/www.actualidadadiario.com\/index.php\/wp-json\/wp\/v2\/comments?post=122557"}],"version-history":[{"count":1,"href":"https:\/\/www.actualidadadiario.com\/index.php\/wp-json\/wp\/v2\/posts\/122557\/revisions"}],"predecessor-version":[{"id":122559,"href":"https:\/\/www.actualidadadiario.com\/index.php\/wp-json\/wp\/v2\/posts\/122557\/revisions\/122559"}],"wp:featuredmedia":[{"embeddable":true,"href":"https:\/\/www.actualidadadiario.com\/index.php\/wp-json\/wp\/v2\/media\/122558"}],"wp:attachment":[{"href":"https:\/\/www.actualidadadiario.com\/index.php\/wp-json\/wp\/v2\/media?parent=122557"}],"wp:term":[{"taxonomy":"category","embeddable":true,"href":"https:\/\/www.actualidadadiario.com\/index.php\/wp-json\/wp\/v2\/categories?post=122557"},{"taxonomy":"post_tag","embeddable":true,"href":"https:\/\/www.actualidadadiario.com\/index.php\/wp-json\/wp\/v2\/tags?post=122557"}],"curies":[{"name":"wp","href":"https:\/\/api.w.org\/{rel}","templated":true}]}}