{"id":122555,"date":"2024-11-12T10:50:02","date_gmt":"2024-11-12T13:50:02","guid":{"rendered":"https:\/\/www.actualidadadiario.com\/?p=122555"},"modified":"2024-11-12T10:50:02","modified_gmt":"2024-11-12T13:50:02","slug":"encuesta-frigerio-supera-en-imagen-positiva-a-milei","status":"publish","type":"post","link":"https:\/\/www.actualidadadiario.com\/index.php\/2024\/11\/12\/encuesta-frigerio-supera-en-imagen-positiva-a-milei\/","title":{"rendered":"Encuesta: Frigerio supera en imagen positiva a Milei"},"content":{"rendered":"<p style=\"text-align: center;\"><em><strong>El gobernador ranquea por encima del Presidente en un informe de la consultora Datos. La brecha se agranda al medir la imagen negativa<\/strong><\/em><\/p>\n<p>&nbsp;<\/p>\n<p>&nbsp;<\/p>\n<p>Una encuesta realizada en Entre R\u00edos arroj\u00f3 que el gobernador Rogelio Frigerio supera en imagen positiva a Javier Milei, al tiempo que muestra una imagen negativa sensiblemente menor al Presidente. El estudio de la consultora Datos muestra adem\u00e1s una ca\u00edda en los guarismos del exmandatario peronista Gustavo Bordet.<\/p>\n<p>&nbsp;<\/p>\n<p><strong>Milei, una aprobaci\u00f3n de 40 puntos en Entre R\u00edos<\/strong><\/p>\n<p>El titular de la consultora Datos, Jos\u00e9 Torres, explic\u00f3 que \u201cMilei arranc\u00f3 en general en Entre R\u00edos y en el pa\u00eds con una aprobaci\u00f3n de entre 55 y 60%. Estos n\u00fameros claramente han disminuido en estos 11 meses. Hoy los \u00edndices de aprobaci\u00f3n de Milei est\u00e1n en el 40% o un poquito arriba, los \u00edndices negativos est\u00e1n entre 30 y 35% y el resto es regular o no puede opinar, es decir que est\u00e1n muy parecidos&#8221;.<\/p>\n<p>Torres ponder\u00f3 que &#8220;aquellos que aprueban la gesti\u00f3n de Milei no necesariamente dicen que la aprueban porque est\u00e1n viviendo mejor o hay un creciente bienestar econ\u00f3mico, sino que hay una respuesta m\u00e1s de tipo pol\u00edtico y una mirada m\u00e1s general de la pol\u00edtica de Milei\u201d.<\/p>\n<p>En esa misma l\u00ednea, destac\u00f3 que la aprobaci\u00f3n del gobernador Frigerio \u201cest\u00e1 un poquito m\u00e1s arriba que la de Milei en la positiva&#8221;, pero puntualiz\u00f3 que registra una imagen negativa mucho menor que el Presidente. &#8220;Aquellos que consideran negativa la gesti\u00f3n de Frigerio no llegan ni al 20%\u201d, se\u00f1al\u00f3.<\/p>\n<p>&nbsp;<\/p>\n<p><strong>\u00bfHay acuerdo entre Frigerio y Milei en 2025?<\/strong><\/p>\n<p>Entre R\u00edos pone en juego tres bancas en el Senado y cinco en la C\u00e1mara de Diputados en 2025. La posibilidad de un acuerdo entre La Libertad Avanza y Juntos es una de las cuestiones centrales para la estrategia de la elecci\u00f3n. En ese sentido, Torres supone que si ambas fuerzas compiten por separado, el peronismo obtendr\u00eda dos esca\u00f1os en la c\u00e1mara baja y el oficialismo y LLA se repartir\u00edan los tres restantes. En ese escenario, quien obtenga m\u00e1s votos lograr\u00e1 dos bancas en la c\u00e1mara alta y quien salga segundo obtendr\u00e1 la tercera que corresponde a la minor\u00eda.<\/p>\n<p>\u201c\u00bfQu\u00e9 pasar\u00eda si van separados para la lista de senadores? En esa especulaci\u00f3n existe el riesgo de que el justicialismo gane y se lleve dos bancas. Por eso digo que el ir juntos o no es una decisi\u00f3n pol\u00edtica que involucra directamente al gobernador y al Presidente. Creo que va a ser un acuerdo del gobernador Frigerio con el presidente Milei, no creo que necesariamente sea un acuerdo de los dirigentes de LLA de Entre R\u00edos y los dirigentes de Juntos\u201d, analiz\u00f3 Torres.<\/p>\n<p>Finalmente, la encuestadora reflej\u00f3 una ca\u00edda considerable en la imagen positiva del exgobernador Bordet. \u201cTuvo un alt\u00edsimo \u00edndice de aprobaci\u00f3n durante la gesti\u00f3n, decayendo un poco sobre el final, pero la llegada de Juntos y Frigerio al gobierno sac\u00f3 a la luz alguna sospecha de il\u00edcitos por enriquecimiento y que las cosas no estaban tan bien como se dec\u00eda. Ante un elemento personal y un elemento de gesti\u00f3n, inmediatamente la gente tom\u00f3 nota de esto y revis\u00f3 la imagen de Bordet. Claramente ha ca\u00eddo. No est\u00e1 en un \u00edndice muy bajo, pero no es la figura que en alg\u00fan momento fue\u201d, cerr\u00f3 Torres.<\/p>\n","protected":false},"excerpt":{"rendered":"<p>El gobernador ranquea por encima del Presidente en un informe de la consultora Datos. La brecha se agranda al medir la imagen negativa &nbsp; &nbsp; Una encuesta realizada en Entre R\u00edos arroj\u00f3 que el gobernador Rogelio Frigerio supera en imagen positiva a Javier Milei, al tiempo que muestra una imagen negativa sensiblemente menor al Presidente. El estudio de la consultora Datos muestra adem\u00e1s una ca\u00edda en los guarismos del exmandatario peronista Gustavo Bordet. &nbsp; Milei, una aprobaci\u00f3n de 40 puntos en Entre R\u00edos El titular de la consultora Datos, Jos\u00e9&#8230;<\/p>\n","protected":false},"author":3,"featured_media":120749,"comment_status":"closed","ping_status":"closed","sticky":false,"template":"","format":"standard","meta":[],"categories":[15],"tags":[],"_links":{"self":[{"href":"https:\/\/www.actualidadadiario.com\/index.php\/wp-json\/wp\/v2\/posts\/122555"}],"collection":[{"href":"https:\/\/www.actualidadadiario.com\/index.php\/wp-json\/wp\/v2\/posts"}],"about":[{"href":"https:\/\/www.actualidadadiario.com\/index.php\/wp-json\/wp\/v2\/types\/post"}],"author":[{"embeddable":true,"href":"https:\/\/www.actualidadadiario.com\/index.php\/wp-json\/wp\/v2\/users\/3"}],"replies":[{"embeddable":true,"href":"https:\/\/www.actualidadadiario.com\/index.php\/wp-json\/wp\/v2\/comments?post=122555"}],"version-history":[{"count":1,"href":"https:\/\/www.actualidadadiario.com\/index.php\/wp-json\/wp\/v2\/posts\/122555\/revisions"}],"predecessor-version":[{"id":122556,"href":"https:\/\/www.actualidadadiario.com\/index.php\/wp-json\/wp\/v2\/posts\/122555\/revisions\/122556"}],"wp:featuredmedia":[{"embeddable":true,"href":"https:\/\/www.actualidadadiario.com\/index.php\/wp-json\/wp\/v2\/media\/120749"}],"wp:attachment":[{"href":"https:\/\/www.actualidadadiario.com\/index.php\/wp-json\/wp\/v2\/media?parent=122555"}],"wp:term":[{"taxonomy":"category","embeddable":true,"href":"https:\/\/www.actualidadadiario.com\/index.php\/wp-json\/wp\/v2\/categories?post=122555"},{"taxonomy":"post_tag","embeddable":true,"href":"https:\/\/www.actualidadadiario.com\/index.php\/wp-json\/wp\/v2\/tags?post=122555"}],"curies":[{"name":"wp","href":"https:\/\/api.w.org\/{rel}","templated":true}]}}