{"id":122552,"date":"2024-11-12T10:49:24","date_gmt":"2024-11-12T13:49:24","guid":{"rendered":"https:\/\/www.actualidadadiario.com\/?p=122552"},"modified":"2024-11-12T10:49:24","modified_gmt":"2024-11-12T13:49:24","slug":"un-congreso-radical-sin-juventud-y-con-gusto-a-poco","status":"publish","type":"post","link":"https:\/\/www.actualidadadiario.com\/index.php\/2024\/11\/12\/un-congreso-radical-sin-juventud-y-con-gusto-a-poco\/","title":{"rendered":"Un congreso radical sin juventud y con gusto a poco"},"content":{"rendered":"<p>(Por Rub\u00e9n Pagliotto)<\/p>\n<p>El d\u00eda domingo pasado, en la edici\u00f3n de INFOBAE, le\u00ed un art\u00edculo de Ernesto Tenenbaum, titulado <strong><em>\u201cUn experimento ex\u00f3tico avanza, invencible y triunfal\u201d<\/em><\/strong>, en el que realiza un muy l\u00facido y sesudo an\u00e1lisis del mundo capitalista y c\u00f3mo, paradojalmente, los poderes m\u00e1s concentrados del capitalismo, han logrado, merced a nuestras sucesivas e ininterrumpidas defecciones y fracasos, cansar hasta el hartazgo y el empalagamiento a las mayor\u00edas populares, y c\u00f3mo \u00e9stas, al no creernos m\u00e1s, terminan votando lo contrario a lo que dijimos ser, no por convicci\u00f3n, claro, sino por un natural, inconsciente e inercial instinto de autopreservaci\u00f3n o supervivencia, sin darse cuenta que los \u201cnuevos\u201d de ahora fueron, son y ser\u00e1n sus verdugos, en una suerte de S\u00edndrome de Estocolmo. Pero como bien dice Ernesto en su columna y reflexiona Mart\u00edn Caparr\u00f3s en su \u00faltimo libro <strong><em>\u201cAntes que nada\u201d<\/em><\/strong>, habr\u00e1 que ver en un tiempo, los resultados de este peligroso y osado experimento social. Tengo para m\u00ed y ojal\u00e1 me equivoque, la convicci\u00f3n (i.e., la seguridad) de que esto en un tiempo explotar\u00e1 o implosionar\u00e1, aunque debo reconocerlo, me aterra no saber &#8211; al menos por ahora- cu\u00e1les ser\u00e1n las consecuencias y la magnitud real de este fen\u00f3meno.<\/p>\n<p>Por eso, saltando ahora a lo muy micro y concreto, como el desdibujado y mediocre Congreso partidario de la UCR, celebrado el s\u00e1bado 10 pasado en Villaguay, advert\u00ed, no exento de pavor y desasosiego, que nos encontramos lejos, muy lejos, de estar en la senda correcta, analizando las cuestiones estructurales, la onticidad social de nuestra dif\u00edcil y compleja realidad. Estamos transitando, apenas, por un sendero demod\u00e9, anquilosado, intelectualmente vetusto y desvencijado, en el que reinan la opacidad, la ignorancia, la chatura, la mezquindad y una absoluta falta de capacidad de nuestros dirigentes, careciendo de liderazgos reales y con perspectivas de sostener una visi\u00f3n a mediano y largo plazo. Lo del s\u00e1bado en Villaguay, no super\u00f3 el nivel de \u201cpaparruchadas de cabotaje\u201d, de una rusticidad incre\u00edble y una pobreza intelectual lastimosa e insusceptible de empeorar.<\/p>\n<p>Nos toca por delante una tarea \u00edmproba y quiz\u00e1s cicl\u00f3pea en t\u00e9rminos de su escala, complejidad e inmediatez.<\/p>\n<p>Creo, sin temor a equivocarme, que estamos asistiendo aceleradamente a un cambio de paradigmas de todo tipo, quedando en t\u00e9rminos Gramscianos en el justo medio, indefinido, por cierto, de lo que concibe como revoluci\u00f3n: <strong><em>cuando lo viejo muere y lo nuevo no puede nacer<\/em><\/strong>. Es cada d\u00eda m\u00e1s claro y palpable, que asistimos a la muerte de viejas formas, estructuras y cultura pol\u00edticas. Ahora, tenemos tambi\u00e9n el problema, dilem\u00e1tico, por cierto, de no saber c\u00f3mo hacer parir lo nuevo que reemplace a lo viejo, que est\u00e1 hace tiempo en terapia intensiva in art\u00edculo mortis, languideciendo y desparramando lastimosamente sus \u00faltimos estertores ante una sociedad azorada y descre\u00edda.<\/p>\n<p>Ayer los escuchaba en el Congreso partidario a varios oradores y m\u00e1s all\u00e1 de sus emotivos y apasionados discursos, siguen transitando, quiz\u00e1s sin advertirlo, en modo antiguo, arcaico, referencial abstracto y con una apelaci\u00f3n a lo emocional que cada radical anida cuando se los interpela desde lo fundacional y doctrinario. No lo veo mal, para nada. Todo lo contrario, pues all\u00ed anida lo visceral, humano y pasional. Pero el enorme problema, quiz\u00e1s el motivo nodal de preocupaci\u00f3n que me invade sin darme tregua, es el peligro latente y tremendo error de quedarnos no s\u00f3lo discursiva sino en la propia praxis tambi\u00e9n, anclados en lo anecd\u00f3tico y emocional, aceptando todo lo que se nos impone desde afuera de la UCR porque lo de antes fue peor, encerrados en una letal trampa end\u00f3gena que nos impide ver lo macro y el afuera con nitidez, la realidad pura y dura que enfrentan cotidianamente la enorme mayor\u00eda de nuestros y nuestras compatriotas. No hay liderazgos en el m\u00e1s que centenario partido, porque tampoco hay una visi\u00f3n clara del futuro, desde donde tratemos de ver m\u00e1s all\u00e1 de lo obvio y reiterativo, tomando distancia con los lugares comunes, definidos por adjetivos arrugados, como sabiamente dec\u00eda Alejo Carpentier. No se advierte el mundo cambiante, los saltos tecnol\u00f3gicos cada vez m\u00e1s frecuentes y pronunciados, la reconfiguraci\u00f3n del capitalismo y la incidencia que tendr\u00e1 en las relaciones sociales y el mundo de la producci\u00f3n y el trabajo, la irrupci\u00f3n imparable de la inteligencia artificial, sucesos todos que caracterizan a esta sociedad l\u00edquida, que en su reconfiguraci\u00f3n nos interpela por una nueva construcci\u00f3n de sentidos.<\/p>\n<p>Debemos salir de la cueva partidaria y aflorar a la sociedad y sus componentes, haciendo desde all\u00ed, con acciones concretas y una pr\u00e1ctica pol\u00edtico &#8211; cultural moderna e inteligente, una amplia y generosa convocatoria, cuyo llamador sean las concretas acciones amalgamadas a trav\u00e9s de un discurso integrador, que aparezca generando atractivos y proveyendo herramientas para despertar las adormecidas conciencias cr\u00edticas de cada ciudadano y ciudadana.<\/p>\n<p>La pr\u00e1ctica pol\u00edtica por estos d\u00edas y desde hace ya largo tiempo, orbita cuestiones de baj\u00edsima intensidad y s\u00f3lo se orienta hacia lo coyuntural y las candidaturas, que ni siquiera son el emergente de un proyecto colectivo y sue\u00f1os compartidos, sino de mezquinas ambiciones estrictamente personales o de peque\u00f1as facciones.<\/p>\n<p>Volviendo por unos segundos a Lebensohn, la doctrina est\u00e1 y ella debe ser indefectiblemente nuestra gu\u00eda, nuestra estrella polar. Pero faltan las conductas concretas, adaptadas o agiornadas a los tiempos que corren, con inteligencia y profundo sentido estrat\u00e9gico, apelando a los nuevos carriles de la comunicaci\u00f3n para poder llegar as\u00ed a todos los sectores sociales y franjas etarias, con un discurso integrador que interprete las reales necesidades sociales de estos nuevos tiempos, sin pretensi\u00f3n ninguna de aparecer como abanderados de la posmoderna <em>cultura woke<\/em>.<\/p>\n<p>No es menor, simple ni f\u00e1cil el desaf\u00edo que tenemos por delante, pero debemos intentarlo, porque como siempre digo, la \u00fanica batalla que se pierde, es la que no se da.<\/p>\n<p>La \u00fanica satisfacci\u00f3n que me traje del Congreso, m\u00e1s all\u00e1 de que la Juventud Radical fue la gran ausente de la jornada, de que el noventa por ciento del tiempo lo insumieron cuestiones administrativas y burocr\u00e1ticas y que el \u00faltimo punto que trataba sobre las realidades Provincial y Nacional no cont\u00f3 con el tiempo, la atenci\u00f3n y la profundidad que tan esencial tem\u00e1tica ameritaba, sin embargo, qued\u00f3 impl\u00edcita pero claramente flotando en el aire, la postura de que la UCR, al menos la de Entre R\u00edos, es franca y decididamente opositora al gobierno paleo liberal y neocolonialista del Presidente Milei, quedando desechada la peregrina y extraviada posibilidad \u2013 m\u00e1s bien un ox\u00edmoron ideol\u00f3gico- de una alianza electoral con LLA, lo que es sostenido y compartido totalmente por UCR ACTIVA, m\u00e1s all\u00e1 de declararnos, a diferencia del oficialismo partidario, abiertamente cr\u00edticos, en muchos y trascendentales aspectos, del gobierno local que conduce el dirigente del PRO Rogelio Frigerio.<\/p>\n<p>Quiz\u00e1s ayer en el Congreso de Villaguay, nuestra presencia y aportes como UCR ACTIVA, m\u00e1s all\u00e1 de no haber recibido la mayor\u00eda de los votos de los congresales, fueron las \u00fanicas propuestas que se presentaron como alternativa, y por ello sembraron las primeras semillas del cambio necesario para emerger del subdesarrollo sist\u00e9mico del que hace d\u00e9cadas no podemos emerger. Invirtamos nuestro valioso y finito tiempo en aportar a las efectividades conducentes y as\u00ed estaremos contribuyendo a que la UCR no desaparezca de la faz de la tierra y vuelva a aportar al mejor futuro.<\/p>\n","protected":false},"excerpt":{"rendered":"<p>(Por Rub\u00e9n Pagliotto) El d\u00eda domingo pasado, en la edici\u00f3n de INFOBAE, le\u00ed un art\u00edculo de Ernesto Tenenbaum, titulado \u201cUn experimento ex\u00f3tico avanza, invencible y triunfal\u201d, en el que realiza un muy l\u00facido y sesudo an\u00e1lisis del mundo capitalista y c\u00f3mo, paradojalmente, los poderes m\u00e1s concentrados del capitalismo, han logrado, merced a nuestras sucesivas e ininterrumpidas defecciones y fracasos, cansar hasta el hartazgo y el empalagamiento a las mayor\u00edas populares, y c\u00f3mo \u00e9stas, al no creernos m\u00e1s, terminan votando lo contrario a lo que dijimos ser, no por convicci\u00f3n, claro,&#8230;<\/p>\n","protected":false},"author":3,"featured_media":122553,"comment_status":"closed","ping_status":"closed","sticky":false,"template":"","format":"standard","meta":[],"categories":[15],"tags":[],"_links":{"self":[{"href":"https:\/\/www.actualidadadiario.com\/index.php\/wp-json\/wp\/v2\/posts\/122552"}],"collection":[{"href":"https:\/\/www.actualidadadiario.com\/index.php\/wp-json\/wp\/v2\/posts"}],"about":[{"href":"https:\/\/www.actualidadadiario.com\/index.php\/wp-json\/wp\/v2\/types\/post"}],"author":[{"embeddable":true,"href":"https:\/\/www.actualidadadiario.com\/index.php\/wp-json\/wp\/v2\/users\/3"}],"replies":[{"embeddable":true,"href":"https:\/\/www.actualidadadiario.com\/index.php\/wp-json\/wp\/v2\/comments?post=122552"}],"version-history":[{"count":1,"href":"https:\/\/www.actualidadadiario.com\/index.php\/wp-json\/wp\/v2\/posts\/122552\/revisions"}],"predecessor-version":[{"id":122554,"href":"https:\/\/www.actualidadadiario.com\/index.php\/wp-json\/wp\/v2\/posts\/122552\/revisions\/122554"}],"wp:featuredmedia":[{"embeddable":true,"href":"https:\/\/www.actualidadadiario.com\/index.php\/wp-json\/wp\/v2\/media\/122553"}],"wp:attachment":[{"href":"https:\/\/www.actualidadadiario.com\/index.php\/wp-json\/wp\/v2\/media?parent=122552"}],"wp:term":[{"taxonomy":"category","embeddable":true,"href":"https:\/\/www.actualidadadiario.com\/index.php\/wp-json\/wp\/v2\/categories?post=122552"},{"taxonomy":"post_tag","embeddable":true,"href":"https:\/\/www.actualidadadiario.com\/index.php\/wp-json\/wp\/v2\/tags?post=122552"}],"curies":[{"name":"wp","href":"https:\/\/api.w.org\/{rel}","templated":true}]}}