{"id":122542,"date":"2024-11-08T17:11:01","date_gmt":"2024-11-08T20:11:01","guid":{"rendered":"https:\/\/www.actualidadadiario.com\/?p=122542"},"modified":"2024-11-08T17:11:01","modified_gmt":"2024-11-08T20:11:01","slug":"el-jefe-de-red-bull-descarto-un-importante-piloto-para-el-ano-que-viene-y-crece-la-ilusion-de-colapinto","status":"publish","type":"post","link":"https:\/\/www.actualidadadiario.com\/index.php\/2024\/11\/08\/el-jefe-de-red-bull-descarto-un-importante-piloto-para-el-ano-que-viene-y-crece-la-ilusion-de-colapinto\/","title":{"rendered":"El jefe de Red Bull descart\u00f3 un importante piloto para el a\u00f1o que viene y crece la ilusi\u00f3n de Colapinto"},"content":{"rendered":"<p style=\"text-align: center;\"><em><strong>Christian Horner abri\u00f3 una puerta para que el piloto argentino tenga un asiento en la F\u00f3rmula 1 la pr\u00f3xima temporada<\/strong><\/em><\/p>\n<p>&nbsp;<\/p>\n<p>&nbsp;<\/p>\n<p>El jefe de la escuder\u00eda de Red Bull, Christian Horner, descart\u00f3 la incorporaci\u00f3n del piloto espa\u00f1ol Carlos Sainz para el a\u00f1o que viene y crecen las posibilidades de que el argentino de Williams, Franco Colapinto, se una al equipo del F\u00f3rmula 1.<\/p>\n<p>Tras lo que fue la fallida carrera del oriundo de Pilar en el Gran Premio de Brasil la semana pasada, el mundo del automovilismo se mantiene expectante por cual asiento ocupar\u00e1 Colapinto el a\u00f1o que viene en la m\u00e1xima categor\u00eda.<\/p>\n<p>Con la llegada del espa\u00f1ol Carlos Sainz a Williams, el piloto argentino tendr\u00e1 que conseguir un asiento en otra escuder\u00eda para la temporada venidera y fue el jefe de escuder\u00eda de Red Bull, Christian Horner, el que abri\u00f3 una posibilidad para el pilarense: \u201cSiempre hay mucha especulaci\u00f3n en el paddock de F\u00f3rmula 1. Carlos ser\u00e1 piloto de Williams el a\u00f1o que viene. Es un gran piloto, obtuvo una gran victoria en M\u00e9xico y creo que ser\u00e1 de gran ayuda para el nuevo equipo. Sin embargo, est\u00e1 vinculado a Williams y no forma parte de nuestros planes para 2025\u2033.<\/p>\n<p>A pesar de esta declaraci\u00f3n que genera ilusi\u00f3n de que el tricampe\u00f3n mundial neerland\u00e9s Max Verstappen y Colapinto compartan equipo, el piloto albiceleste de 21 a\u00f1os tiene una propuesta sobre la mesa del equipo franc\u00e9s Alpine.<\/p>\n<p>La disconformidad de los altos mandos de Red Bull con su piloto mexicano Sergio \u00b4Checo\u00b4 P\u00e9rez podr\u00eda decantar en que no siga en el equipo la temporada que viene. Por ello, en caso de que el azteca rescinda contrato, Colapinto se podr\u00eda sumar a la escuder\u00eda.<\/p>\n","protected":false},"excerpt":{"rendered":"<p>Christian Horner abri\u00f3 una puerta para que el piloto argentino tenga un asiento en la F\u00f3rmula 1 la pr\u00f3xima temporada &nbsp; &nbsp; El jefe de la escuder\u00eda de Red Bull, Christian Horner, descart\u00f3 la incorporaci\u00f3n del piloto espa\u00f1ol Carlos Sainz para el a\u00f1o que viene y crecen las posibilidades de que el argentino de Williams, Franco Colapinto, se una al equipo del F\u00f3rmula 1. Tras lo que fue la fallida carrera del oriundo de Pilar en el Gran Premio de Brasil la semana pasada, el mundo del automovilismo se mantiene&#8230;<\/p>\n","protected":false},"author":3,"featured_media":122543,"comment_status":"closed","ping_status":"closed","sticky":false,"template":"","format":"standard","meta":[],"categories":[4],"tags":[],"_links":{"self":[{"href":"https:\/\/www.actualidadadiario.com\/index.php\/wp-json\/wp\/v2\/posts\/122542"}],"collection":[{"href":"https:\/\/www.actualidadadiario.com\/index.php\/wp-json\/wp\/v2\/posts"}],"about":[{"href":"https:\/\/www.actualidadadiario.com\/index.php\/wp-json\/wp\/v2\/types\/post"}],"author":[{"embeddable":true,"href":"https:\/\/www.actualidadadiario.com\/index.php\/wp-json\/wp\/v2\/users\/3"}],"replies":[{"embeddable":true,"href":"https:\/\/www.actualidadadiario.com\/index.php\/wp-json\/wp\/v2\/comments?post=122542"}],"version-history":[{"count":1,"href":"https:\/\/www.actualidadadiario.com\/index.php\/wp-json\/wp\/v2\/posts\/122542\/revisions"}],"predecessor-version":[{"id":122544,"href":"https:\/\/www.actualidadadiario.com\/index.php\/wp-json\/wp\/v2\/posts\/122542\/revisions\/122544"}],"wp:featuredmedia":[{"embeddable":true,"href":"https:\/\/www.actualidadadiario.com\/index.php\/wp-json\/wp\/v2\/media\/122543"}],"wp:attachment":[{"href":"https:\/\/www.actualidadadiario.com\/index.php\/wp-json\/wp\/v2\/media?parent=122542"}],"wp:term":[{"taxonomy":"category","embeddable":true,"href":"https:\/\/www.actualidadadiario.com\/index.php\/wp-json\/wp\/v2\/categories?post=122542"},{"taxonomy":"post_tag","embeddable":true,"href":"https:\/\/www.actualidadadiario.com\/index.php\/wp-json\/wp\/v2\/tags?post=122542"}],"curies":[{"name":"wp","href":"https:\/\/api.w.org\/{rel}","templated":true}]}}