{"id":12254,"date":"2017-05-30T10:23:16","date_gmt":"2017-05-30T13:23:16","guid":{"rendered":"http:\/\/actualidadadiario.com\/site\/?p=12254"},"modified":"2017-05-30T10:23:16","modified_gmt":"2017-05-30T13:23:16","slug":"las-verdaderas-razones-de-la-inesperada-renuncia-de-susana-malcorra","status":"publish","type":"post","link":"https:\/\/www.actualidadadiario.com\/index.php\/2017\/05\/30\/las-verdaderas-razones-de-la-inesperada-renuncia-de-susana-malcorra\/","title":{"rendered":"Las verdaderas razones de la inesperada renuncia de Susana Malcorra"},"content":{"rendered":"<p><em><strong>Aunque habl\u00f3 de razones personales \u2013como suele hacer todo funcionario renunciante\u2013, lo cierto es que la canciller ha tenido y tiene diferencias importantes con Macri, que pudieron acelerar su dimisi\u00f3n<\/strong><\/em><\/p>\n<p>&nbsp;<\/p>\n<p>&nbsp;<\/p>\n<p>&nbsp;<\/p>\n<p>&nbsp;<\/p>\n<p>Susana Malcorra, como sabe, era hasta este lunes una funcionaria clave del gobierno de Mauricio Macri. No obstante, inesperadamente \u2013al menos para todos los observadores\u2013 present\u00f3 su renuncia como encargada de Relaciones Exteriores.<\/p>\n<p>&nbsp;<\/p>\n<p>Seg\u00fan sostuvo en conferencia de prensa la propia canciller \u2013que estar\u00e1 en funciones hasta el 12 de junio pr\u00f3ximo\u2013, su dimisi\u00f3n obedece a razones personales: ya sin un cargo oficial, pretende volver con su familia, que vive en Espa\u00f1a desde hace a\u00f1os.<\/p>\n<p>&nbsp;<\/p>\n<p>Sin embargo, su paso por la Canciller\u00eda no fue un lecho de rosas, y no justamente por roces que haya tenido con otros pa\u00edses u otros diplom\u00e1ticos, sino m\u00e1s bien por las diferencias manifiestas que ha tenido con el macrismo, pero en lo que hace a pol\u00edticas internas vinculadas a la dictadura c\u00edvico militar.<\/p>\n<p>&nbsp;<\/p>\n<p>Pol\u00edticas internas que, por cierto, Malcorra jam\u00e1s ha defendido en foro internacional alguno; por ejemplo, en lo que respecta a la cantidad de desaparecidos entre 1976 y 1983, que el Gobierno pretende reducir a un n\u00famero indefinido.<\/p>\n<p>&nbsp;<\/p>\n<p>Mientras ministros y funcionarios de menor rango e incluso el Presidente de la Naci\u00f3n negaron los 30 mil desaparecidos, la funcionaria se neg\u00f3 reiteradamente a plantear semejante duda: \u201cYo he usado, estando en el exterior, en Naciones Unidas, el n\u00famero de 30 mil como referencia\u201d, sosten\u00eda el a\u00f1o pasado en una entrevista que concediera a Perfil.<\/p>\n<p>&nbsp;<\/p>\n<p>Con el pasar de los meses, el macrismo fue profundizando su negacionismo respecto al genocidio. Y la canciller nunca adhiri\u00f3 a semejantes planteos. De hecho, hasta dijo no acordar con el concepto de \u201cguerra sucia\u201d utilizado p\u00fablicamente por Mauricio Macri.<\/p>\n<p>&nbsp;<\/p>\n<p>En la misma entrevista, advert\u00eda: \u201cYo personalmente no uso el concepto de guerra sucia. Creo que hubo un enfrentamiento asim\u00e9trico, que obviamente le da una responsabilidad al Estado distinta a la de otros jugadores\u201d en ese sangriento per\u00edodo.<\/p>\n<p>&nbsp;<\/p>\n<p>Incluso fueron y son manifiestas las diferencias que mantienen Malcorra y Macri respecto a la situaci\u00f3n de Venezuela: mientras la canciller buscaba una posici\u00f3n \u2018diplom\u00e1tica\u2019 de la Argentina, el Presidente pretend\u00eda ir \u2018con tapones de punta\u2019 hacia el gobierno de Nicol\u00e1s Maduro.<\/p>\n<p>&nbsp;<\/p>\n<p>Pero aquel negacionismo macrista respecto a la dictadura fue, en los hechos, uno de los obst\u00e1culos para que Malcorra se convirtiera en sucesora de Ban Ki-Moon al frente de la ONU, cuando muchos consideraban que era su sucesora natural.<\/p>\n<p>&nbsp;<\/p>\n<p>En Naciones Unidas hab\u00eda trabajado durante doce a\u00f1os: como directora de Operaciones del Programa Mundial de Alimentos entre 2004 y 2008; como secretaria general adjunta del Departamento de Apoyo a las Actividades sobre el Terreno, hasta 2012, y como jefa de Gabinete del secretario general.<\/p>\n<p>&nbsp;<\/p>\n<p>En diciembre de 2015 y con esa expectativa en mente, Malcorra acept\u00f3 la convocatoria de Macri para presidir el Palacio San Mart\u00edn. Pero nada sali\u00f3 como esperaba y hoy, ante los desaf\u00edos que el macrismo se ha propuesto a escala mundial, prefiere volver a la vida familiar.<\/p>\n","protected":false},"excerpt":{"rendered":"<p>Aunque habl\u00f3 de razones personales \u2013como suele hacer todo funcionario renunciante\u2013, lo cierto es que la canciller ha tenido y tiene diferencias importantes con Macri, que pudieron acelerar su dimisi\u00f3n &nbsp; &nbsp; &nbsp; &nbsp; Susana Malcorra, como sabe, era hasta este lunes una funcionaria clave del gobierno de Mauricio Macri. No obstante, inesperadamente \u2013al menos para todos los observadores\u2013 present\u00f3 su renuncia como encargada de Relaciones Exteriores. &nbsp; Seg\u00fan sostuvo en conferencia de prensa la propia canciller \u2013que estar\u00e1 en funciones hasta el 12 de junio pr\u00f3ximo\u2013, su dimisi\u00f3n obedece&#8230;<\/p>\n","protected":false},"author":3,"featured_media":12255,"comment_status":"closed","ping_status":"closed","sticky":false,"template":"","format":"standard","meta":[],"categories":[9],"tags":[],"_links":{"self":[{"href":"https:\/\/www.actualidadadiario.com\/index.php\/wp-json\/wp\/v2\/posts\/12254"}],"collection":[{"href":"https:\/\/www.actualidadadiario.com\/index.php\/wp-json\/wp\/v2\/posts"}],"about":[{"href":"https:\/\/www.actualidadadiario.com\/index.php\/wp-json\/wp\/v2\/types\/post"}],"author":[{"embeddable":true,"href":"https:\/\/www.actualidadadiario.com\/index.php\/wp-json\/wp\/v2\/users\/3"}],"replies":[{"embeddable":true,"href":"https:\/\/www.actualidadadiario.com\/index.php\/wp-json\/wp\/v2\/comments?post=12254"}],"version-history":[{"count":1,"href":"https:\/\/www.actualidadadiario.com\/index.php\/wp-json\/wp\/v2\/posts\/12254\/revisions"}],"predecessor-version":[{"id":12256,"href":"https:\/\/www.actualidadadiario.com\/index.php\/wp-json\/wp\/v2\/posts\/12254\/revisions\/12256"}],"wp:featuredmedia":[{"embeddable":true,"href":"https:\/\/www.actualidadadiario.com\/index.php\/wp-json\/wp\/v2\/media\/12255"}],"wp:attachment":[{"href":"https:\/\/www.actualidadadiario.com\/index.php\/wp-json\/wp\/v2\/media?parent=12254"}],"wp:term":[{"taxonomy":"category","embeddable":true,"href":"https:\/\/www.actualidadadiario.com\/index.php\/wp-json\/wp\/v2\/categories?post=12254"},{"taxonomy":"post_tag","embeddable":true,"href":"https:\/\/www.actualidadadiario.com\/index.php\/wp-json\/wp\/v2\/tags?post=12254"}],"curies":[{"name":"wp","href":"https:\/\/api.w.org\/{rel}","templated":true}]}}