{"id":122533,"date":"2024-11-08T17:07:16","date_gmt":"2024-11-08T20:07:16","guid":{"rendered":"https:\/\/www.actualidadadiario.com\/?p=122533"},"modified":"2024-11-08T17:07:16","modified_gmt":"2024-11-08T20:07:16","slug":"la-camiseta-homenaje-que-podria-utilizar-la-seleccion-ante-paraguay","status":"publish","type":"post","link":"https:\/\/www.actualidadadiario.com\/index.php\/2024\/11\/08\/la-camiseta-homenaje-que-podria-utilizar-la-seleccion-ante-paraguay\/","title":{"rendered":"La camiseta homenaje que podr\u00eda utilizar la Selecci\u00f3n ante Paraguay"},"content":{"rendered":"<p style=\"text-align: center;\"><em><strong>Desde 1974, la marca alemana acompa\u00f1a a la Selecci\u00f3n y har\u00e1 una camiseta especial que Argentina utilizar\u00eda en esta fecha FIFA<\/strong><\/em><\/p>\n<p>&nbsp;<\/p>\n<p>&nbsp;<\/p>\n<p>La Selecci\u00f3n argentina y Adidas celebran medio siglo de una relaci\u00f3n que vivi\u00f3 momentos gloriosos en el f\u00fatbol y, aunque de por medio hubo otras marcas, en conmemoraci\u00f3n de estos 50 a\u00f1os Adidas lanzar\u00e1 una camiseta especial.<\/p>\n<p>La misma estar\u00e1 disponible en d\u00edas y se espera que Lionel Messi y compa\u00f1\u00eda la puedan lucir en la pr\u00f3xima fecha FIFA.<\/p>\n<p>Desde 1974, la marca alemana acompa\u00f1\u00f3 a la \u201cAlbiceleste\u201d en sus logros m\u00e1s importantes, incluyendo t\u00edtulos de la Copa del Mundo y la Copa Am\u00e9rica.<\/p>\n<p>&nbsp;<\/p>\n<p><strong>Los pr\u00f3ximos partidos de la selecci\u00f3n Argentina<\/strong><\/p>\n<p>El equipo de Lionel Scaloni cerrar\u00e1 el a\u00f1o el pr\u00f3ximo 14 de noviembre ante Paraguay de visitante y cierra el 19 como local ante Per\u00fa en nuestro pa\u00eds.<\/p>\n","protected":false},"excerpt":{"rendered":"<p>Desde 1974, la marca alemana acompa\u00f1a a la Selecci\u00f3n y har\u00e1 una camiseta especial que Argentina utilizar\u00eda en esta fecha FIFA &nbsp; &nbsp; La Selecci\u00f3n argentina y Adidas celebran medio siglo de una relaci\u00f3n que vivi\u00f3 momentos gloriosos en el f\u00fatbol y, aunque de por medio hubo otras marcas, en conmemoraci\u00f3n de estos 50 a\u00f1os Adidas lanzar\u00e1 una camiseta especial. La misma estar\u00e1 disponible en d\u00edas y se espera que Lionel Messi y compa\u00f1\u00eda la puedan lucir en la pr\u00f3xima fecha FIFA. Desde 1974, la marca alemana acompa\u00f1\u00f3 a la&#8230;<\/p>\n","protected":false},"author":3,"featured_media":122534,"comment_status":"closed","ping_status":"closed","sticky":false,"template":"","format":"standard","meta":[],"categories":[4],"tags":[],"_links":{"self":[{"href":"https:\/\/www.actualidadadiario.com\/index.php\/wp-json\/wp\/v2\/posts\/122533"}],"collection":[{"href":"https:\/\/www.actualidadadiario.com\/index.php\/wp-json\/wp\/v2\/posts"}],"about":[{"href":"https:\/\/www.actualidadadiario.com\/index.php\/wp-json\/wp\/v2\/types\/post"}],"author":[{"embeddable":true,"href":"https:\/\/www.actualidadadiario.com\/index.php\/wp-json\/wp\/v2\/users\/3"}],"replies":[{"embeddable":true,"href":"https:\/\/www.actualidadadiario.com\/index.php\/wp-json\/wp\/v2\/comments?post=122533"}],"version-history":[{"count":1,"href":"https:\/\/www.actualidadadiario.com\/index.php\/wp-json\/wp\/v2\/posts\/122533\/revisions"}],"predecessor-version":[{"id":122535,"href":"https:\/\/www.actualidadadiario.com\/index.php\/wp-json\/wp\/v2\/posts\/122533\/revisions\/122535"}],"wp:featuredmedia":[{"embeddable":true,"href":"https:\/\/www.actualidadadiario.com\/index.php\/wp-json\/wp\/v2\/media\/122534"}],"wp:attachment":[{"href":"https:\/\/www.actualidadadiario.com\/index.php\/wp-json\/wp\/v2\/media?parent=122533"}],"wp:term":[{"taxonomy":"category","embeddable":true,"href":"https:\/\/www.actualidadadiario.com\/index.php\/wp-json\/wp\/v2\/categories?post=122533"},{"taxonomy":"post_tag","embeddable":true,"href":"https:\/\/www.actualidadadiario.com\/index.php\/wp-json\/wp\/v2\/tags?post=122533"}],"curies":[{"name":"wp","href":"https:\/\/api.w.org\/{rel}","templated":true}]}}