{"id":122525,"date":"2024-11-08T16:31:11","date_gmt":"2024-11-08T19:31:11","guid":{"rendered":"https:\/\/www.actualidadadiario.com\/?p=122525"},"modified":"2024-11-08T16:31:11","modified_gmt":"2024-11-08T19:31:11","slug":"aerolineas-argentinas-puede-quedar-en-manos-de-los-empleados-se-privatiza-o-se-cierra","status":"publish","type":"post","link":"https:\/\/www.actualidadadiario.com\/index.php\/2024\/11\/08\/aerolineas-argentinas-puede-quedar-en-manos-de-los-empleados-se-privatiza-o-se-cierra\/","title":{"rendered":"Aerol\u00edneas Argentinas puede quedar en manos de los empleados, se privatiza o se cierra"},"content":{"rendered":"<p style=\"text-align: center;\"><em><strong>El secretario de Transporte, Franco Mogetta, ratific\u00f3 que Aerol\u00edneas Argentinas &#8220;no va a tener m\u00e1s el fondeo del Estado&#8221;. En una reuni\u00f3n con los sindicatos insisti\u00f3 que \u201clos empleados acepten la administraci\u00f3n de la empresa\u201d<\/strong><\/em><\/p>\n<p>&nbsp;<\/p>\n<p>&nbsp;<\/p>\n<p>El futuro de Aerol\u00edneas Argentinas comienza a definirse este viernes con una reuni\u00f3n entre las autoridades de la empresa y representantes de gremios aeron\u00e1uticos, con la reanudaci\u00f3n del di\u00e1logo para tratar de llegar a un acuerdo salarial. A horas del encuentro, el Gobierno nacional ratific\u00f3 su intenci\u00f3n de avanzar con sus dos premisas fundamentales, o bien la empresa ser\u00e1 privatizada o debe quedar en manos de los trabajadores. Caso contrario, se cerrar\u00e1.<\/p>\n<p>\u201cVamos a ir por la privatizaci\u00f3n y si no se da la privatizaci\u00f3n, intentaremos que los empleados acepten la administraci\u00f3n de la empresa. Y si no la aceptan, se cerrar\u00e1. Pero Aerol\u00edneas Argentinas no va a tener m\u00e1s el fondeo que tiene el Estado, que durante el kirchnerismo le ha costado 8 mil millones de d\u00f3lares al Estado\u201d, advirti\u00f3 el secretario de Transporte, Franco Mogetta.<\/p>\n<p>Las reuniones consecutivas que se llevar\u00e1n a cabo en la sede de Aerol\u00edneas en el marco de la negociaci\u00f3n salarial ya comenzaron. Las autoridades de la empresa reciben a una delegaci\u00f3n de la Asociaci\u00f3n de Pilotos de L\u00edneas A\u00e9reas (APLA), que conduce Pablo Bir\u00f3; a las 15, a la Asociaci\u00f3n Argentina de Aeronavegantes (AAA), dirigida por Juan Pablo Brey; y a las 16, a una comitiva de la Asociaci\u00f3n del Personal Aeron\u00e1utico (APA), liderada por Edgardo Llano.<\/p>\n<p>Desde la gesti\u00f3n de La Libertad Avanza recalcaron que los gremios tendr\u00e1n la posibilidad de presentar un plan de trabajo y la compa\u00f1\u00eda analizar\u00e1 si esa idea es viable.<\/p>\n<p>\u201cEn el caso que no lo sea, se har\u00e1 un procedimiento preventivo de crisis, que es la medida que tenemos que tomar por la responsabilidad que nos cabe con las personas que ya han sacado pasajes y deben viajar en los pr\u00f3ximos meses\u201d, precis\u00f3 Mogetta en una entrevista radial.<\/p>\n<p>&nbsp;<\/p>\n<p><strong>Conflicto en Intercargo y posible privatizaci\u00f3n<\/strong><\/p>\n<p>El secretario de Transporte, adem\u00e1s, confirm\u00f3 la decisi\u00f3n del Gobierno de avanzar con la privatizaci\u00f3n de la empresa Intercargo, en medio del conflicto con gremios del sector que esta semana tomaron medidas que afectaron a miles de pasajeros en el Aeroparque Jorge Newbery.<\/p>\n<p>\u201cEstamos en el proceso de privatizaci\u00f3n, es una de las empresas que ha quedado en el listado y en cuanto sea posible de acuerdo a las propuestas que tengamos lo vamos a llevar a cabo\u201d, asegur\u00f3 Mogetta.<\/p>\n","protected":false},"excerpt":{"rendered":"<p>El secretario de Transporte, Franco Mogetta, ratific\u00f3 que Aerol\u00edneas Argentinas &#8220;no va a tener m\u00e1s el fondeo del Estado&#8221;. En una reuni\u00f3n con los sindicatos insisti\u00f3 que \u201clos empleados acepten la administraci\u00f3n de la empresa\u201d &nbsp; &nbsp; El futuro de Aerol\u00edneas Argentinas comienza a definirse este viernes con una reuni\u00f3n entre las autoridades de la empresa y representantes de gremios aeron\u00e1uticos, con la reanudaci\u00f3n del di\u00e1logo para tratar de llegar a un acuerdo salarial. A horas del encuentro, el Gobierno nacional ratific\u00f3 su intenci\u00f3n de avanzar con sus dos premisas&#8230;<\/p>\n","protected":false},"author":3,"featured_media":83676,"comment_status":"closed","ping_status":"closed","sticky":false,"template":"","format":"standard","meta":[],"categories":[18],"tags":[],"_links":{"self":[{"href":"https:\/\/www.actualidadadiario.com\/index.php\/wp-json\/wp\/v2\/posts\/122525"}],"collection":[{"href":"https:\/\/www.actualidadadiario.com\/index.php\/wp-json\/wp\/v2\/posts"}],"about":[{"href":"https:\/\/www.actualidadadiario.com\/index.php\/wp-json\/wp\/v2\/types\/post"}],"author":[{"embeddable":true,"href":"https:\/\/www.actualidadadiario.com\/index.php\/wp-json\/wp\/v2\/users\/3"}],"replies":[{"embeddable":true,"href":"https:\/\/www.actualidadadiario.com\/index.php\/wp-json\/wp\/v2\/comments?post=122525"}],"version-history":[{"count":1,"href":"https:\/\/www.actualidadadiario.com\/index.php\/wp-json\/wp\/v2\/posts\/122525\/revisions"}],"predecessor-version":[{"id":122526,"href":"https:\/\/www.actualidadadiario.com\/index.php\/wp-json\/wp\/v2\/posts\/122525\/revisions\/122526"}],"wp:featuredmedia":[{"embeddable":true,"href":"https:\/\/www.actualidadadiario.com\/index.php\/wp-json\/wp\/v2\/media\/83676"}],"wp:attachment":[{"href":"https:\/\/www.actualidadadiario.com\/index.php\/wp-json\/wp\/v2\/media?parent=122525"}],"wp:term":[{"taxonomy":"category","embeddable":true,"href":"https:\/\/www.actualidadadiario.com\/index.php\/wp-json\/wp\/v2\/categories?post=122525"},{"taxonomy":"post_tag","embeddable":true,"href":"https:\/\/www.actualidadadiario.com\/index.php\/wp-json\/wp\/v2\/tags?post=122525"}],"curies":[{"name":"wp","href":"https:\/\/api.w.org\/{rel}","templated":true}]}}