{"id":122522,"date":"2024-11-08T16:30:26","date_gmt":"2024-11-08T19:30:26","guid":{"rendered":"https:\/\/www.actualidadadiario.com\/?p=122522"},"modified":"2024-11-08T16:30:26","modified_gmt":"2024-11-08T19:30:26","slug":"milei-aseguro-que-elon-musk-esta-en-contacto-con-sturzenegger-para-replicar-la-motosierra-con-donald-trump","status":"publish","type":"post","link":"https:\/\/www.actualidadadiario.com\/index.php\/2024\/11\/08\/milei-aseguro-que-elon-musk-esta-en-contacto-con-sturzenegger-para-replicar-la-motosierra-con-donald-trump\/","title":{"rendered":"Milei asegur\u00f3 que Elon Musk &#8220;est\u00e1 en contacto con Sturzenegger&#8221; para replicar la motosierra con Donald Trump"},"content":{"rendered":"<p style=\"text-align: center;\"><em><strong>El presidente afirm\u00f3 que el due\u00f1o de SpaceX se puso en contacto con el ministro de Desregulaci\u00f3n para aplicar su modelo en EEUU.<\/strong><\/em><\/p>\n<p>&nbsp;<\/p>\n<p>&nbsp;<\/p>\n<p>El presidente Javier Milei asegur\u00f3 hoy que el empresario Elon Musk &#8220;est\u00e1 en contacto con Sturzenegger para replicar la motosierra&#8221;. El mandatario electo de los Estados Unidos, Donald Trump, convoc\u00f3 al due\u00f1o de Tesla, &#8220;X&#8221; y SpaceX para que integre su pr\u00f3ximo gabinete. El libertario tambi\u00e9n se refiri\u00f3 a una presunta compra de la CNN por parte de Musk.<\/p>\n<p>Al participar de la celebraci\u00f3n por los 100 a\u00f1os de la C\u00e1mara Argentina de Comercio (CAC), Milei sostuvo que el Ministerio de Desregulaci\u00f3n que lidera Federico Sturzenegger est\u00e1 &#8220;haciendo furor en todo el mundo&#8221;.<\/p>\n<p>&#8220;El propio Donald Trump incorpor\u00f3 en sus filas a Elon Musk para replicar la experiencia de lo que est\u00e1 haciendo Federico Sturzenegger y, de hecho, dentro de las cosas que charlado con Elon Musk me dijo, es que est\u00e1 en contacto ya con Federico para replicar ese modelo&#8221;, enfatiz\u00f3 el Presidente.<\/p>\n<p>Milei no dud\u00f3 en afirmar que est\u00e1n &#8220;exportando el modelo de la motosierra y de la desregulaci\u00f3n a todo el mundo&#8221;. &#8220;Estamos cambiando el mundo, estamos haciendo un mundo m\u00e1s libre&#8221;, recalc\u00f3. En ese sentido, cuestion\u00f3 que pese a eso en la Argentina siguen &#8220;tirando mierda todos los d\u00edas&#8221; contra su gesti\u00f3n.<\/p>\n<p>&nbsp;<\/p>\n<p><strong>Milei habl\u00f3 sobre las elecciones de EEUU y asegur\u00f3 que Elon Musk compr\u00f3 la CNN<\/strong><\/p>\n<p>En otro pasaje de la disertaci\u00f3n, el presidente se refiri\u00f3 a la victoria de Donald Trump en las elecciones de Estados Unidos. El magnate ser\u00e1 el pr\u00f3ximo presidente del pa\u00eds de Am\u00e9rica del Norte a partir de enero del 2025. &#8220;Las trompetas de la libertad ya no suelan solo en la Argentina. Est\u00e1n empezando a sonar en todo el mundo. Tal como pas\u00f3 en nuestro pa\u00eds el a\u00f1o pasado, esta semana en EEUU la libertad y la raz\u00f3n se impusieron por sobre la locura colectivista&#8221;, dijo.<\/p>\n<p>&#8220;Esto es para entusiasmarse. Imag\u00ednense todo lo que podemos lograr si el pa\u00eds m\u00e1s poderoso del mundo comparte nuestras ideas y nuestro norte. Las posibilidades son infinitas&#8221;, agreg\u00f3 el presidente.<\/p>\n<p>Adem\u00e1s, cont\u00f3 una intimidad, a\u00fan sin confirmar. El due\u00f1o de Tesla, Elon Musk, habr\u00eda comprado la cadena estadounidense de noticias CNN. &#8220;Hoy Elon Musk se compr\u00f3 a ese basti\u00f3n &#8220;woke&#8221; inmundo que era CNN. No solo vamos a tener libertad en &#8220;X&#8221; sino que vamos a tener una cadena que no sea tan socialista, tan zurdita, y empiece a informar otras cosas y deje de mentir&#8221;, dijo.<\/p>\n","protected":false},"excerpt":{"rendered":"<p>El presidente afirm\u00f3 que el due\u00f1o de SpaceX se puso en contacto con el ministro de Desregulaci\u00f3n para aplicar su modelo en EEUU. &nbsp; &nbsp; El presidente Javier Milei asegur\u00f3 hoy que el empresario Elon Musk &#8220;est\u00e1 en contacto con Sturzenegger para replicar la motosierra&#8221;. El mandatario electo de los Estados Unidos, Donald Trump, convoc\u00f3 al due\u00f1o de Tesla, &#8220;X&#8221; y SpaceX para que integre su pr\u00f3ximo gabinete. El libertario tambi\u00e9n se refiri\u00f3 a una presunta compra de la CNN por parte de Musk. Al participar de la celebraci\u00f3n por&#8230;<\/p>\n","protected":false},"author":3,"featured_media":122523,"comment_status":"closed","ping_status":"closed","sticky":false,"template":"","format":"standard","meta":[],"categories":[18],"tags":[],"_links":{"self":[{"href":"https:\/\/www.actualidadadiario.com\/index.php\/wp-json\/wp\/v2\/posts\/122522"}],"collection":[{"href":"https:\/\/www.actualidadadiario.com\/index.php\/wp-json\/wp\/v2\/posts"}],"about":[{"href":"https:\/\/www.actualidadadiario.com\/index.php\/wp-json\/wp\/v2\/types\/post"}],"author":[{"embeddable":true,"href":"https:\/\/www.actualidadadiario.com\/index.php\/wp-json\/wp\/v2\/users\/3"}],"replies":[{"embeddable":true,"href":"https:\/\/www.actualidadadiario.com\/index.php\/wp-json\/wp\/v2\/comments?post=122522"}],"version-history":[{"count":1,"href":"https:\/\/www.actualidadadiario.com\/index.php\/wp-json\/wp\/v2\/posts\/122522\/revisions"}],"predecessor-version":[{"id":122524,"href":"https:\/\/www.actualidadadiario.com\/index.php\/wp-json\/wp\/v2\/posts\/122522\/revisions\/122524"}],"wp:featuredmedia":[{"embeddable":true,"href":"https:\/\/www.actualidadadiario.com\/index.php\/wp-json\/wp\/v2\/media\/122523"}],"wp:attachment":[{"href":"https:\/\/www.actualidadadiario.com\/index.php\/wp-json\/wp\/v2\/media?parent=122522"}],"wp:term":[{"taxonomy":"category","embeddable":true,"href":"https:\/\/www.actualidadadiario.com\/index.php\/wp-json\/wp\/v2\/categories?post=122522"},{"taxonomy":"post_tag","embeddable":true,"href":"https:\/\/www.actualidadadiario.com\/index.php\/wp-json\/wp\/v2\/tags?post=122522"}],"curies":[{"name":"wp","href":"https:\/\/api.w.org\/{rel}","templated":true}]}}