{"id":122517,"date":"2024-11-08T16:28:13","date_gmt":"2024-11-08T19:28:13","guid":{"rendered":"https:\/\/www.actualidadadiario.com\/?p=122517"},"modified":"2024-11-08T16:28:13","modified_gmt":"2024-11-08T19:28:13","slug":"renuncio-un-director-del-conicet-designado-por-la-sociedad-rural-argentina-y-denuncio-persecucion-ideologica","status":"publish","type":"post","link":"https:\/\/www.actualidadadiario.com\/index.php\/2024\/11\/08\/renuncio-un-director-del-conicet-designado-por-la-sociedad-rural-argentina-y-denuncio-persecucion-ideologica\/","title":{"rendered":"Renunci\u00f3 un director del CONICET designado por la Sociedad Rural Argentina y denunci\u00f3 &#8220;persecuci\u00f3n ideol\u00f3gica&#8221;"},"content":{"rendered":"<p style=\"text-align: center;\"><em><strong>Se trata de Manuel Garc\u00eda Sol\u00e1. En su carta de despedida dej\u00f3 en claro que su salida no se debe a \u201cmotivos personales\u201d y recalc\u00f3: \u201cnunca podr\u00eda callar mi voz cuando se intentara cometer alg\u00fan acto de persecuci\u00f3n por ideas cient\u00edficas, pol\u00edticas o religiosas\u201d<\/strong><\/em><\/p>\n<p>&nbsp;<\/p>\n<p>&nbsp;<\/p>\n<p>Manuel Garc\u00eda Sol\u00e1 renunci\u00f3 a su cargo como director del Consejo Nacional de Investigaciones Cient\u00edficas y T\u00e9cnicas (CONICET). Lo hizo luego de que el Gobierno elevara un pedido en ese sentido a la Sociedad Rural Argentina, entidad que lo nomin\u00f3 para ocupar el rol que ahora deja en 2022. En su carta de despedida, el empresario ganadero dej\u00f3 en claro que su salida no se debe a \u201cmotivos personales\u201d y recalc\u00f3: \u201cnunca podr\u00eda callar mi voz cuando se intentara cometer alg\u00fan acto de persecuci\u00f3n por ideas cient\u00edficas, pol\u00edticas o religiosas\u201d.<\/p>\n<p>El exfuncionario, que tambi\u00e9n se hab\u00eda desempe\u00f1ado como ministro de Educaci\u00f3n durante el gobierno de Carlos Menem, especific\u00f3 que se opuso a \u201cacciones persecutorias\u201d sobre becarios e investigadores por parte de la conducci\u00f3n del organismo. Este rechazo, provoc\u00f3 que la Casa Rosada se contactara con el presidente de la Sociedad Rural para pedir la renuncia de Sol\u00e1.<\/p>\n","protected":false},"excerpt":{"rendered":"<p>Se trata de Manuel Garc\u00eda Sol\u00e1. En su carta de despedida dej\u00f3 en claro que su salida no se debe a \u201cmotivos personales\u201d y recalc\u00f3: \u201cnunca podr\u00eda callar mi voz cuando se intentara cometer alg\u00fan acto de persecuci\u00f3n por ideas cient\u00edficas, pol\u00edticas o religiosas\u201d &nbsp; &nbsp; Manuel Garc\u00eda Sol\u00e1 renunci\u00f3 a su cargo como director del Consejo Nacional de Investigaciones Cient\u00edficas y T\u00e9cnicas (CONICET). Lo hizo luego de que el Gobierno elevara un pedido en ese sentido a la Sociedad Rural Argentina, entidad que lo nomin\u00f3 para ocupar el rol&#8230;<\/p>\n","protected":false},"author":3,"featured_media":122518,"comment_status":"closed","ping_status":"closed","sticky":false,"template":"","format":"standard","meta":[],"categories":[18],"tags":[],"_links":{"self":[{"href":"https:\/\/www.actualidadadiario.com\/index.php\/wp-json\/wp\/v2\/posts\/122517"}],"collection":[{"href":"https:\/\/www.actualidadadiario.com\/index.php\/wp-json\/wp\/v2\/posts"}],"about":[{"href":"https:\/\/www.actualidadadiario.com\/index.php\/wp-json\/wp\/v2\/types\/post"}],"author":[{"embeddable":true,"href":"https:\/\/www.actualidadadiario.com\/index.php\/wp-json\/wp\/v2\/users\/3"}],"replies":[{"embeddable":true,"href":"https:\/\/www.actualidadadiario.com\/index.php\/wp-json\/wp\/v2\/comments?post=122517"}],"version-history":[{"count":1,"href":"https:\/\/www.actualidadadiario.com\/index.php\/wp-json\/wp\/v2\/posts\/122517\/revisions"}],"predecessor-version":[{"id":122519,"href":"https:\/\/www.actualidadadiario.com\/index.php\/wp-json\/wp\/v2\/posts\/122517\/revisions\/122519"}],"wp:featuredmedia":[{"embeddable":true,"href":"https:\/\/www.actualidadadiario.com\/index.php\/wp-json\/wp\/v2\/media\/122518"}],"wp:attachment":[{"href":"https:\/\/www.actualidadadiario.com\/index.php\/wp-json\/wp\/v2\/media?parent=122517"}],"wp:term":[{"taxonomy":"category","embeddable":true,"href":"https:\/\/www.actualidadadiario.com\/index.php\/wp-json\/wp\/v2\/categories?post=122517"},{"taxonomy":"post_tag","embeddable":true,"href":"https:\/\/www.actualidadadiario.com\/index.php\/wp-json\/wp\/v2\/tags?post=122517"}],"curies":[{"name":"wp","href":"https:\/\/api.w.org\/{rel}","templated":true}]}}