{"id":122512,"date":"2024-11-08T16:26:11","date_gmt":"2024-11-08T19:26:11","guid":{"rendered":"https:\/\/www.actualidadadiario.com\/?p=122512"},"modified":"2024-11-08T16:26:11","modified_gmt":"2024-11-08T19:26:11","slug":"familias-de-franceses-desaparecidos-en-argentina-piden-a-macron-no-olvidar-sus-casos","status":"publish","type":"post","link":"https:\/\/www.actualidadadiario.com\/index.php\/2024\/11\/08\/familias-de-franceses-desaparecidos-en-argentina-piden-a-macron-no-olvidar-sus-casos\/","title":{"rendered":"Familias de franceses desaparecidos en Argentina piden a Macron &#8220;no olvidar&#8221; sus casos"},"content":{"rendered":"<p style=\"text-align: center;\"><em><strong>En vistas de su pr\u00f3xima visita al pa\u00eds, piden a Macron que se comunique con el Gobierno de Javier Milei, preocupados por la posible liberaci\u00f3n del represor Alfredo Astiz<\/strong><\/em><\/p>\n<p>&nbsp;<\/p>\n<p>&nbsp;<\/p>\n<p>Familiares de franceses desaparecidos durante la \u00faltima dictadura c\u00edvico militar en Argentina urgieron este jueves al presidente franc\u00e9s, Emmanuel Macron, a &#8220;no olvidar&#8221; sus casos y a trasladar al l\u00edder argentino Javier Milei su &#8220;preocupaci\u00f3n&#8221; por la posible liberaci\u00f3n del represor Alfredo Astiz.<\/p>\n<p>&#8220;Las familias [est\u00e1n] preocupadas porque la Justicia pueda quedar en entredicho y que Astiz, en particular, pudiera ser puesto en libertad. Esto es lo que quer\u00edan transmitir sobre todo a Macron&#8221;, dijo a AFP Alberto Marquardt, tras el encuentro en Par\u00eds con consejeros del presidente, de viaje en Hungr\u00eda.<\/p>\n<p>Sobre Astiz, un represor de 72 a\u00f1os conocido como el \u201c\u00c1ngel de la Muerte\u201d, pesan dos sentencias a cadena perpetua en Argentina por delitos de lesa humanidad durante la \u00faltima dictadura c\u00edvico militar (1976-1983), entre ellos los cr\u00edmenes de las monjas francesas L\u00e9onie Duquet y Alice Domon, desaparecidas en la ESMA. En Francia tambi\u00e9n fue condenado en rebeld\u00eda a cadena perpetua en 1990, por la desaparici\u00f3n de ambas mujeres.<\/p>\n<p>&#8220;Confiamos en que el presidente Macron escuche las preocupaciones de las familias y las haga llegar a Javier Milei&#8221;, asegur\u00f3 a la AFP la abogada de las familias, Sophie Thonon. Las visitas del mandatario franc\u00e9s y Giorgia Meloni (Italia) se consideran seguras en el Gobierno, y se trata de uno de los grandes desaf\u00edos que asumi\u00f3 Gerardo Werthein al ser incorporado a la Canciller\u00eda, en el marco de la reuni\u00f3n de los l\u00edderes del G-20 en R\u00edo de Janeiro el 18 y 19 de noviembre.<\/p>\n<p>Francia tiene al menos 18 ciudadanos desaparecidos en Argentina entre 1975 y 1978. Los familiares de los desaparecidos, entre quienes est\u00e1 la modelo y activista cercana al sacerdote Carlos Mugica, Marie Anne Erize Tisseau, solicitaron por carta en octubre que se organizara la reuni\u00f3n con alg\u00fan representante del Gobierno franc\u00e9s para pedir mantener la tradici\u00f3n de vigilancia de Par\u00eds plasmada en una frase pronunciada en 1994 en Buenos Aires por el entonces canciller franc\u00e9s, Alain Jupp\u00e9: &#8220;Francia no olvida&#8221;.<\/p>\n<p>Ayer lograron ser recibidos en el palacio del El\u00edseo por el consejero del presidente, Walid Fouque. &#8220;Francia no olvida la tr\u00e1gica situaci\u00f3n de los ciudadanos franceses desaparecidos en Argentina en los a\u00f1os 70. Las familias pueden contar siempre con el pleno apoyo de las autoridades francesas&#8221;, dijo este jueves la presidencia tras el encuentro.<\/p>\n<p>&nbsp;<\/p>\n<p><strong>La Libertad Avanza y el discurso negacionista que genera preocupaci\u00f3n internacional<\/strong><\/p>\n<p>La preocupaci\u00f3n en Francia se dispar\u00f3 en julio, cuando seis diputados de La Libertad Avanza visitaron a Astiz y a otros represores condenados por delitos de lesa humanidad en el penal de Ezeiza, en la provincia de Buenos Aires. Beltr\u00e1n Benedit, quien particip\u00f3 y coordin\u00f3 la comitiva, asegur\u00f3 que se trat\u00f3 de una &#8220;visita humanitaria&#8221; a &#8220;excombatientes que libraron batallas contra la subversi\u00f3n marxista&#8221;.<\/p>\n<p>Adem\u00e1s, en julio, al ser consultado por la visita de los diputados oficialistas a Astiz, Javier Milei expres\u00f3 al canal digital Neura: &#8220;Es voluntad de ellos. Yo no lo hubiera hecho&#8221;. Para la abogada Sophie Thonon lo m\u00e1s llamativo fue que \u201cel Gobierno argentino no conden\u00f3 semejante acci\u00f3n\u201d. \u201cLos organismos de derechos humanos ac\u00e1 est\u00e1n muy atentos a los recursos que se podr\u00edan presentar en la Justicia argentina\u201d, advirti\u00f3.<\/p>\n<p>Pero esta l\u00ednea no puede haber sorprendido al presidente, quien eligi\u00f3 como compa\u00f1era de f\u00f3rmula a la vicepresidenta Victoria Villarruel, cuya militancia apologista que nombra como \u201cmemoria completa\u201d incluy\u00f3 visitar a genocidas en las c\u00e1rceles (incluido Jorge Videla), permanecer &#8220;muy cerca&#8221; de otros tantos militares enjuiciados, o hacerse de la representaci\u00f3n de las personas que murieron en atentados.<\/p>\n","protected":false},"excerpt":{"rendered":"<p>En vistas de su pr\u00f3xima visita al pa\u00eds, piden a Macron que se comunique con el Gobierno de Javier Milei, preocupados por la posible liberaci\u00f3n del represor Alfredo Astiz &nbsp; &nbsp; Familiares de franceses desaparecidos durante la \u00faltima dictadura c\u00edvico militar en Argentina urgieron este jueves al presidente franc\u00e9s, Emmanuel Macron, a &#8220;no olvidar&#8221; sus casos y a trasladar al l\u00edder argentino Javier Milei su &#8220;preocupaci\u00f3n&#8221; por la posible liberaci\u00f3n del represor Alfredo Astiz. &#8220;Las familias [est\u00e1n] preocupadas porque la Justicia pueda quedar en entredicho y que Astiz, en particular,&#8230;<\/p>\n","protected":false},"author":3,"featured_media":122513,"comment_status":"closed","ping_status":"closed","sticky":false,"template":"","format":"standard","meta":[],"categories":[18],"tags":[],"_links":{"self":[{"href":"https:\/\/www.actualidadadiario.com\/index.php\/wp-json\/wp\/v2\/posts\/122512"}],"collection":[{"href":"https:\/\/www.actualidadadiario.com\/index.php\/wp-json\/wp\/v2\/posts"}],"about":[{"href":"https:\/\/www.actualidadadiario.com\/index.php\/wp-json\/wp\/v2\/types\/post"}],"author":[{"embeddable":true,"href":"https:\/\/www.actualidadadiario.com\/index.php\/wp-json\/wp\/v2\/users\/3"}],"replies":[{"embeddable":true,"href":"https:\/\/www.actualidadadiario.com\/index.php\/wp-json\/wp\/v2\/comments?post=122512"}],"version-history":[{"count":1,"href":"https:\/\/www.actualidadadiario.com\/index.php\/wp-json\/wp\/v2\/posts\/122512\/revisions"}],"predecessor-version":[{"id":122514,"href":"https:\/\/www.actualidadadiario.com\/index.php\/wp-json\/wp\/v2\/posts\/122512\/revisions\/122514"}],"wp:featuredmedia":[{"embeddable":true,"href":"https:\/\/www.actualidadadiario.com\/index.php\/wp-json\/wp\/v2\/media\/122513"}],"wp:attachment":[{"href":"https:\/\/www.actualidadadiario.com\/index.php\/wp-json\/wp\/v2\/media?parent=122512"}],"wp:term":[{"taxonomy":"category","embeddable":true,"href":"https:\/\/www.actualidadadiario.com\/index.php\/wp-json\/wp\/v2\/categories?post=122512"},{"taxonomy":"post_tag","embeddable":true,"href":"https:\/\/www.actualidadadiario.com\/index.php\/wp-json\/wp\/v2\/tags?post=122512"}],"curies":[{"name":"wp","href":"https:\/\/api.w.org\/{rel}","templated":true}]}}