{"id":122498,"date":"2024-11-08T12:18:56","date_gmt":"2024-11-08T15:18:56","guid":{"rendered":"https:\/\/www.actualidadadiario.com\/?p=122498"},"modified":"2024-11-08T12:18:56","modified_gmt":"2024-11-08T15:18:56","slug":"rio-negro-lanzo-una-convocatoria-para-incorporar-medicos","status":"publish","type":"post","link":"https:\/\/www.actualidadadiario.com\/index.php\/2024\/11\/08\/rio-negro-lanzo-una-convocatoria-para-incorporar-medicos\/","title":{"rendered":"R\u00edo Negro lanz\u00f3 una convocatoria para incorporar m\u00e9dicos"},"content":{"rendered":"<p style=\"text-align: center;\"><em><strong>El objetivo es sumar profesionales de distintas especialidades para que trabajen en todo el \u00e1mbito de la provincia<\/strong><\/em><\/p>\n<p>&nbsp;<\/p>\n<p>&nbsp;<\/p>\n<p>El Ministerio de Salud de R\u00edo Negro lanz\u00f3 una convocatoria nacional, dirigida a m\u00e9dicos de distintas especialidades, con el fin de cubrir vacantes en los hospitales de toda la provincia, ofreciendo salarios que est\u00e1n entre los m\u00e1s altos del pa\u00eds.<\/p>\n<p>Dicha convocatoria se hizo extensiva a m\u00e9dicos cl\u00ednicos, pediatras, cirujanos generalistas y gineco-obstetras y fue anunciada por el nuevo Ministro de Salud, Demetrio Thalasselis.<\/p>\n<p>El gobierno provincial est\u00e1 dispuesto a ofrecer un salario final que supera los 3.500.000 pesos, que incluye el sueldo base, pagos por guardias, y un adicional por alquiler de 350.000.<\/p>\n<p>La convocatoria no se limita a una regi\u00f3n en particular, sino que tiene como objetivo reforzar la atenci\u00f3n en toda la provincia, donde los profesionales ser\u00e1n asignados seg\u00fan las vacantes en hospitales y centros de salud locales. Adem\u00e1s, se espera que los interesados cumplan con las guardias, brindando una atenci\u00f3n continua.<\/p>\n<p>Los aspirantes deben enviar su curr\u00edculum vitae, junto con fotocopias de su DNI y otros datos de contacto, al correo electr\u00f3nico convocatorias@salud.rionegro.gov.ar.<\/p>\n<p>Por su parte, el ministro Thalasellis explic\u00f3 que esta convocatoria responde a una necesidad de cubrir vacantes en distintas localidades de la provincia y destac\u00f3 que los m\u00e9dicos interesados contar\u00e1n con &#8220;valores competitivos a nivel nacional&#8221;, m\u00e1s el incentivo adicional para cubrir los costos de alquiler.<\/p>\n<p>&#8220;Queremos que los profesionales que se sumen encuentren aqu\u00ed no solo un trabajo, sino una provincia que los acompa\u00f1e en su desarrollo personal y profesional&#8221;, a\u00f1adi\u00f3, en declaraciones a la prensa.<\/p>\n<p>Finalmente, el funcionario subray\u00f3 la importancia de las inversiones y esfuerzos que el gobierno rionegrino est\u00e1 realizando para mejorar el sistema de salud y responder a las necesidades de la comunidad: &#8220;La provincia est\u00e1 haciendo un gran esfuerzo y apuesta al crecimiento de su sistema de salud, en beneficio de todos los habitantes&#8221;.<\/p>\n","protected":false},"excerpt":{"rendered":"<p>El objetivo es sumar profesionales de distintas especialidades para que trabajen en todo el \u00e1mbito de la provincia &nbsp; &nbsp; El Ministerio de Salud de R\u00edo Negro lanz\u00f3 una convocatoria nacional, dirigida a m\u00e9dicos de distintas especialidades, con el fin de cubrir vacantes en los hospitales de toda la provincia, ofreciendo salarios que est\u00e1n entre los m\u00e1s altos del pa\u00eds. Dicha convocatoria se hizo extensiva a m\u00e9dicos cl\u00ednicos, pediatras, cirujanos generalistas y gineco-obstetras y fue anunciada por el nuevo Ministro de Salud, Demetrio Thalasselis. El gobierno provincial est\u00e1 dispuesto a&#8230;<\/p>\n","protected":false},"author":3,"featured_media":122499,"comment_status":"closed","ping_status":"closed","sticky":false,"template":"","format":"standard","meta":[],"categories":[2],"tags":[],"_links":{"self":[{"href":"https:\/\/www.actualidadadiario.com\/index.php\/wp-json\/wp\/v2\/posts\/122498"}],"collection":[{"href":"https:\/\/www.actualidadadiario.com\/index.php\/wp-json\/wp\/v2\/posts"}],"about":[{"href":"https:\/\/www.actualidadadiario.com\/index.php\/wp-json\/wp\/v2\/types\/post"}],"author":[{"embeddable":true,"href":"https:\/\/www.actualidadadiario.com\/index.php\/wp-json\/wp\/v2\/users\/3"}],"replies":[{"embeddable":true,"href":"https:\/\/www.actualidadadiario.com\/index.php\/wp-json\/wp\/v2\/comments?post=122498"}],"version-history":[{"count":1,"href":"https:\/\/www.actualidadadiario.com\/index.php\/wp-json\/wp\/v2\/posts\/122498\/revisions"}],"predecessor-version":[{"id":122500,"href":"https:\/\/www.actualidadadiario.com\/index.php\/wp-json\/wp\/v2\/posts\/122498\/revisions\/122500"}],"wp:featuredmedia":[{"embeddable":true,"href":"https:\/\/www.actualidadadiario.com\/index.php\/wp-json\/wp\/v2\/media\/122499"}],"wp:attachment":[{"href":"https:\/\/www.actualidadadiario.com\/index.php\/wp-json\/wp\/v2\/media?parent=122498"}],"wp:term":[{"taxonomy":"category","embeddable":true,"href":"https:\/\/www.actualidadadiario.com\/index.php\/wp-json\/wp\/v2\/categories?post=122498"},{"taxonomy":"post_tag","embeddable":true,"href":"https:\/\/www.actualidadadiario.com\/index.php\/wp-json\/wp\/v2\/tags?post=122498"}],"curies":[{"name":"wp","href":"https:\/\/api.w.org\/{rel}","templated":true}]}}