{"id":122491,"date":"2024-11-08T12:15:38","date_gmt":"2024-11-08T15:15:38","guid":{"rendered":"https:\/\/www.actualidadadiario.com\/?p=122491"},"modified":"2024-11-08T12:15:38","modified_gmt":"2024-11-08T15:15:38","slug":"se-dispara-la-perdida-de-empleo-en-el-gobierno-de-milei","status":"publish","type":"post","link":"https:\/\/www.actualidadadiario.com\/index.php\/2024\/11\/08\/se-dispara-la-perdida-de-empleo-en-el-gobierno-de-milei\/","title":{"rendered":"Se dispara la p\u00e9rdida de empleo en el gobierno de Milei"},"content":{"rendered":"<p style=\"text-align: center;\"><em><strong>El \u00faltimo informe del CEPA alerta sobre la ca\u00edda del empleo y el crecimiento del monotributo: precarizaci\u00f3n y crisis laboral bajo la gesti\u00f3n de Milei<\/strong><\/em><\/p>\n<p>&nbsp;<\/p>\n<p>&nbsp;<\/p>\n<p>En un contexto de deterioro econ\u00f3mico y falta de pol\u00edticas de impulso productivo, el Centro de Econom\u00eda Pol\u00edtica Argentina (CEPA) revel\u00f3 una situaci\u00f3n preocupante en el mercado laboral argentino. Seg\u00fan el \u00faltimo informe, en los primeros nueve meses de gesti\u00f3n de Javier Milei, se perdieron 138.785 empleos en el sector privado registrado, un reflejo del impacto negativo que las decisiones econ\u00f3micas han tenido sobre el empleo y el poder adquisitivo de los trabajadores.<\/p>\n<p>&nbsp;<\/p>\n<p><strong>Destrucci\u00f3n de empleo: sectores m\u00e1s afectados<\/strong><\/p>\n<p>El an\u00e1lisis del CEPA muestra una ca\u00edda generalizada en la actividad econ\u00f3mica, con una baja interanual del 3,8% a agosto de 2024. Aunque hubo una leve recuperaci\u00f3n de 3.964 puestos en dicho mes, la situaci\u00f3n sigue siendo cr\u00edtica. Ocho de catorce sectores mostraron destrucci\u00f3n de empleo en agosto, destac\u00e1ndose los siguientes:<\/p>\n<ul>\n<li><strong>Construcci\u00f3n:<\/strong> con una p\u00e9rdida acumulada de 66.008 empleos en los primeros meses de gobierno, se erige como el sector m\u00e1s afectado.<\/li>\n<li><strong>Industria:<\/strong> registr\u00f3 una ca\u00edda de 29.616 empleos, siendo el segundo sector m\u00e1s golpeado.<\/li>\n<li><strong>Comercio:<\/strong> a pesar de haber crecido en 3.312 puestos en agosto, acumul\u00f3 una baja de 1.598 puestos desde la asunci\u00f3n de Milei.<\/li>\n<\/ul>\n<p>&nbsp;<\/p>\n<p><strong>Precarizaci\u00f3n laboral: auge del monotributo<\/strong><\/p>\n<p>Otro de los datos preocupantes es el aumento del empleo informal. A agosto de 2024, el monotributo se consolid\u00f3 como la modalidad principal de empleo para 2.113.526 personas, con un crecimiento de 75.676 puestos desde noviembre de 2023. Este fen\u00f3meno refleja una tendencia hacia la precarizaci\u00f3n laboral y la falta de empleos de calidad en el pa\u00eds, en un contexto donde las empresas buscan reducir costos y flexibilizar sus estructuras.<\/p>\n<p>Impacto por jurisdicciones<\/p>\n<p>El informe del CEPA tambi\u00e9n destaca que en agosto de 2024, 13 de las 24 jurisdicciones argentinas registraron ca\u00eddas en el empleo registrado. Provincias como Formosa vieron reducidos sus niveles de empleo en hasta un 12,1% en relaci\u00f3n a noviembre de 2023, mientras que el 75% de las jurisdicciones se encuentra con niveles de empleo inferiores a los de la misma fecha.<\/p>\n<p>&nbsp;<\/p>\n<p><strong>P\u00e9rdidas en el sector p\u00fablico y ca\u00edda del salario real<\/strong><\/p>\n<p>En el sector p\u00fablico, la p\u00e9rdida de empleos ascendi\u00f3 a 43.781 puestos desde el inicio de la gesti\u00f3n de Milei, lo que marca una baja del 1,3%. El empleo privado, por su parte, se redujo en un 2,2%, desmintiendo el discurso oficial que alienta la reducci\u00f3n del gasto p\u00fablico como f\u00f3rmula de crecimiento.<\/p>\n<p>Adem\u00e1s, la ca\u00edda del salario real es otro aspecto cr\u00edtico. En agosto de 2024, el promedio salarial creci\u00f3 apenas un 1,5%, mientras que la mediana aument\u00f3 un 0,6%, quedando ambas variables por debajo de la inflaci\u00f3n del 4,2%. Esto implic\u00f3 una p\u00e9rdida del poder adquisitivo del 2,6% y 3,5% respectivamente, continuando con una tendencia negativa desde noviembre de 2023.<\/p>\n","protected":false},"excerpt":{"rendered":"<p>El \u00faltimo informe del CEPA alerta sobre la ca\u00edda del empleo y el crecimiento del monotributo: precarizaci\u00f3n y crisis laboral bajo la gesti\u00f3n de Milei &nbsp; &nbsp; En un contexto de deterioro econ\u00f3mico y falta de pol\u00edticas de impulso productivo, el Centro de Econom\u00eda Pol\u00edtica Argentina (CEPA) revel\u00f3 una situaci\u00f3n preocupante en el mercado laboral argentino. Seg\u00fan el \u00faltimo informe, en los primeros nueve meses de gesti\u00f3n de Javier Milei, se perdieron 138.785 empleos en el sector privado registrado, un reflejo del impacto negativo que las decisiones econ\u00f3micas han tenido&#8230;<\/p>\n","protected":false},"author":3,"featured_media":115323,"comment_status":"closed","ping_status":"closed","sticky":false,"template":"","format":"standard","meta":[],"categories":[9],"tags":[],"_links":{"self":[{"href":"https:\/\/www.actualidadadiario.com\/index.php\/wp-json\/wp\/v2\/posts\/122491"}],"collection":[{"href":"https:\/\/www.actualidadadiario.com\/index.php\/wp-json\/wp\/v2\/posts"}],"about":[{"href":"https:\/\/www.actualidadadiario.com\/index.php\/wp-json\/wp\/v2\/types\/post"}],"author":[{"embeddable":true,"href":"https:\/\/www.actualidadadiario.com\/index.php\/wp-json\/wp\/v2\/users\/3"}],"replies":[{"embeddable":true,"href":"https:\/\/www.actualidadadiario.com\/index.php\/wp-json\/wp\/v2\/comments?post=122491"}],"version-history":[{"count":1,"href":"https:\/\/www.actualidadadiario.com\/index.php\/wp-json\/wp\/v2\/posts\/122491\/revisions"}],"predecessor-version":[{"id":122492,"href":"https:\/\/www.actualidadadiario.com\/index.php\/wp-json\/wp\/v2\/posts\/122491\/revisions\/122492"}],"wp:featuredmedia":[{"embeddable":true,"href":"https:\/\/www.actualidadadiario.com\/index.php\/wp-json\/wp\/v2\/media\/115323"}],"wp:attachment":[{"href":"https:\/\/www.actualidadadiario.com\/index.php\/wp-json\/wp\/v2\/media?parent=122491"}],"wp:term":[{"taxonomy":"category","embeddable":true,"href":"https:\/\/www.actualidadadiario.com\/index.php\/wp-json\/wp\/v2\/categories?post=122491"},{"taxonomy":"post_tag","embeddable":true,"href":"https:\/\/www.actualidadadiario.com\/index.php\/wp-json\/wp\/v2\/tags?post=122491"}],"curies":[{"name":"wp","href":"https:\/\/api.w.org\/{rel}","templated":true}]}}