{"id":122487,"date":"2024-11-08T12:14:42","date_gmt":"2024-11-08T15:14:42","guid":{"rendered":"https:\/\/www.actualidadadiario.com\/?p=122487"},"modified":"2024-11-08T12:14:57","modified_gmt":"2024-11-08T15:14:57","slug":"a-no-ilusionarse-con-la-actual-reaccion-del-consumo-se-alternan-alzas-con-bajas","status":"publish","type":"post","link":"https:\/\/www.actualidadadiario.com\/index.php\/2024\/11\/08\/a-no-ilusionarse-con-la-actual-reaccion-del-consumo-se-alternan-alzas-con-bajas\/","title":{"rendered":"A no ilusionarse con la actual reacci\u00f3n del consumo: se alternan alzas con bajas"},"content":{"rendered":"<p style=\"text-align: center;\"><em><strong>El comportamiento de las ventas minoristas fue dispar porque los h\u00e1bitos cambiaron y la frazada es corta. Si el consumidor decide una compra desestima otra<\/strong><\/em><\/p>\n<p>&nbsp;<\/p>\n<p>&nbsp;<\/p>\n<p>Calzado y marroquiner\u00eda, alimentos y bebidas, textil e indumentaria, y ferreter\u00eda, materiales el\u00e9ctricos y de la construcci\u00f3n subieron su nivel de ventas en octubre, en el marco del incremento del 2,9% interanual que dio el indicador minorista que sigue la Confederaci\u00f3n Argentina de la Mediana Empresa (CAME).<\/p>\n<p>El presidente Javier Milei celebr\u00f3 que se quebrara una racha adversa de 19 meses, con el reposteo de la publicaci\u00f3n que hizo al respecto el diputado Mart\u00edn Menem, quien coment\u00f3: \u201cSe acab\u00f3 la recesi\u00f3n\u201d.<\/p>\n<p>Sin embargo, otros rubros, como perfumer\u00eda, bazar, decoraci\u00f3n, textiles de hogar, y farmacia, fueron la contracara, al registrar simult\u00e1neamente bajas.<\/p>\n<p>Estos resultados demuestran, en sus extremos, la reacci\u00f3n de los consumidores para distribuir sus recursos.<\/p>\n<p>La lectura que hacen los consultores de marketing es que la gente podr\u00e1 vivir sin art\u00edculos de perfumer\u00eda, pero el calzado \u201cforma parte de la imagen\u201d por ejemplo, a la hora de ir a trabajar.<\/p>\n<p>Uno de los factores que podr\u00eda movilizar al consumidor que cuenta con unos \u201cpesitos\u201d de m\u00e1s para hacer efectiva su compra ser\u00eda, por ejemplo, que podr\u00eda haber ciertos productos que hoy no son necesarios, pero que s\u00ed lo ser\u00e1n a futuro, y entonces decide adelantar compras.<\/p>\n<p>Tiene en cuenta que los precios pueden subir.<\/p>\n<p>Otra motivaci\u00f3n ser\u00edan las compras que debieron realizarse en determinado momento pero que no se hicieron efectivas porque no contaba con el dinero suficiente.<\/p>\n<p>&nbsp;<\/p>\n<p><strong>Abstinencia<\/strong><\/p>\n<p>De esta forma, si hubo alguna mejora en los ingresos, se procede a consumos postergados.<\/p>\n<p>\u201cHace unos dos meses lo financiero va mejorando, pero la econom\u00eda real de la mayor\u00eda de los argentinos viene deprimida en consumo masivo&#8221;, advierten.<\/p>\n<p>El comportamiento del consumo que refleja el CyberMonday, que comenz\u00f3 el lunes, super\u00f3 el 6,5% del volumen de productos y servicios alcanzado en la edici\u00f3n pasada.<\/p>\n<p>Pero es puntual y no marca tendencia. S\u00ed influir\u00e1 en la comercializaci\u00f3n, en lo que resta del a\u00f1o, de los rubros m\u00e1s activos en la operatoria e-commerce de este evento, como electr\u00f3nica, y el anticipo navide\u00f1o dentro de la categor\u00eda Deco y Hogar.<\/p>\n<p>Las ofertas de productos m\u00e1s buscadas, seg\u00fan CACE, hasta el momento fueron: aire acondicionado, celulares, zapatillas, heladeras, ventiladores y lavarropas y el descuento promedio del evento es de 29%, con mayor descuento promedio en servicios 74%, supermercados y bodegas 36% y salud y belleza 34%.<\/p>\n<p>Mercado Libre inform\u00f3 que lo que m\u00e1s se movieron fueron las cuotas sin inter\u00e9s y los productos m\u00e1s vendidos en unidades hasta el momento han sido protector solar, zapatillas, m\u00e1scara de pesta\u00f1as y cerveza.<\/p>\n<p>&nbsp;<\/p>\n<p><strong>Consumo masivo<\/strong><\/p>\n<p>Luego del CyberMonday, las expectativas para lo que queda del a\u00f1o son que, de a poquito, el consumo en general vaya mejorando, pero sin perder de vista que el salario cay\u00f3 mucho y todav\u00eda no se recupera lo perdido.<\/p>\n<p>El consumo masivo ir\u00e1 aumentando muy levemente, pronostican, y apuestan a que reci\u00e9n el a\u00f1o que viene se podr\u00e1 observar una mejor\u00eda m\u00e1s marcada.<\/p>\n<p>La consultora especializada Scentia, registraba un retroceso en septiembre del 22,3% en comparaci\u00f3n con el mismo mes del a\u00f1o pasado.<\/p>\n<p>No s\u00f3lo obedeci\u00f3 al contexto recesivo, sino tambi\u00e9n al alto piso de consumo del a\u00f1o pasado, cuando se registraban alzas poco frecuentes en torno al 15% a partir de agosto.<\/p>\n<p>Se pronostica que en octubre y noviembre, el consumo masivo seguir\u00e1 en la franja negativa.<\/p>\n<p>La confianza del consumidor ser\u00e1 esencial para la recuperaci\u00f3n de la econom\u00eda y se ver\u00e1 reflejada en la evoluci\u00f3n del cr\u00e9dito privado.<\/p>\n<p>Hasta ahora, la participaci\u00f3n de los pr\u00e9stamos al sector privado en el balance de los bancos subi\u00f3 9 puntos porcentuales en los ocho primeros meses del a\u00f1o: pas\u00f3 de representar el 21,8% de su cartera de activos en enero al 30,8% en agosto, para alcanzar de este modo su mayor nivel desde fines de 2021.<\/p>\n<p>Significa que se volcaron $21 billones m\u00e1s de cr\u00e9dito bancario al sector privado: el 80% de los fondos prestados provienen de la reducci\u00f3n del cr\u00e9dito al sector p\u00fablico (BCRA y Tesoro).<\/p>\n<p>Y es una tendencia de continu\u00f3 septiembre y octubre.<\/p>\n","protected":false},"excerpt":{"rendered":"<p>El comportamiento de las ventas minoristas fue dispar porque los h\u00e1bitos cambiaron y la frazada es corta. Si el consumidor decide una compra desestima otra &nbsp; &nbsp; Calzado y marroquiner\u00eda, alimentos y bebidas, textil e indumentaria, y ferreter\u00eda, materiales el\u00e9ctricos y de la construcci\u00f3n subieron su nivel de ventas en octubre, en el marco del incremento del 2,9% interanual que dio el indicador minorista que sigue la Confederaci\u00f3n Argentina de la Mediana Empresa (CAME). El presidente Javier Milei celebr\u00f3 que se quebrara una racha adversa de 19 meses, con el&#8230;<\/p>\n","protected":false},"author":3,"featured_media":122488,"comment_status":"closed","ping_status":"closed","sticky":false,"template":"","format":"standard","meta":[],"categories":[9],"tags":[],"_links":{"self":[{"href":"https:\/\/www.actualidadadiario.com\/index.php\/wp-json\/wp\/v2\/posts\/122487"}],"collection":[{"href":"https:\/\/www.actualidadadiario.com\/index.php\/wp-json\/wp\/v2\/posts"}],"about":[{"href":"https:\/\/www.actualidadadiario.com\/index.php\/wp-json\/wp\/v2\/types\/post"}],"author":[{"embeddable":true,"href":"https:\/\/www.actualidadadiario.com\/index.php\/wp-json\/wp\/v2\/users\/3"}],"replies":[{"embeddable":true,"href":"https:\/\/www.actualidadadiario.com\/index.php\/wp-json\/wp\/v2\/comments?post=122487"}],"version-history":[{"count":2,"href":"https:\/\/www.actualidadadiario.com\/index.php\/wp-json\/wp\/v2\/posts\/122487\/revisions"}],"predecessor-version":[{"id":122490,"href":"https:\/\/www.actualidadadiario.com\/index.php\/wp-json\/wp\/v2\/posts\/122487\/revisions\/122490"}],"wp:featuredmedia":[{"embeddable":true,"href":"https:\/\/www.actualidadadiario.com\/index.php\/wp-json\/wp\/v2\/media\/122488"}],"wp:attachment":[{"href":"https:\/\/www.actualidadadiario.com\/index.php\/wp-json\/wp\/v2\/media?parent=122487"}],"wp:term":[{"taxonomy":"category","embeddable":true,"href":"https:\/\/www.actualidadadiario.com\/index.php\/wp-json\/wp\/v2\/categories?post=122487"},{"taxonomy":"post_tag","embeddable":true,"href":"https:\/\/www.actualidadadiario.com\/index.php\/wp-json\/wp\/v2\/tags?post=122487"}],"curies":[{"name":"wp","href":"https:\/\/api.w.org\/{rel}","templated":true}]}}