{"id":122484,"date":"2024-11-08T11:27:35","date_gmt":"2024-11-08T14:27:35","guid":{"rendered":"https:\/\/www.actualidadadiario.com\/?p=122484"},"modified":"2024-11-08T11:27:35","modified_gmt":"2024-11-08T14:27:35","slug":"buscan-crear-un-area-legal-en-la-policia-para-defender-a-uniformados-acusados-de-apremios-y-otros-ilicitos","status":"publish","type":"post","link":"https:\/\/www.actualidadadiario.com\/index.php\/2024\/11\/08\/buscan-crear-un-area-legal-en-la-policia-para-defender-a-uniformados-acusados-de-apremios-y-otros-ilicitos\/","title":{"rendered":"Buscan crear un \u00e1rea legal en la Polic\u00eda para defender a uniformados acusados de apremios y otros il\u00edcitos"},"content":{"rendered":"<p style=\"text-align: center;\"><em><strong>El proyecto de modificaci\u00f3n del Reglamento General de Polic\u00eda contempla la transformaci\u00f3n de la divisi\u00f3n \u201cAsesor\u00eda Letrada\u201d por la de \u201cAsuntos Jur\u00eddicos\u201d. Seg\u00fan explic\u00f3 en el Senado el ministro de Seguridad N\u00e9stor Roncaglia, esta dependencia defender\u00e1 a los agentes acusados de apremios y otras acciones ilegales. \u201cNosotros las llamamos accidentes laborales\u201d, expres\u00f3 el funcionario<\/strong><\/em><\/p>\n<p>&nbsp;<\/p>\n<p>&nbsp;<\/p>\n<p>El texto que debate la Legislatura no especifica esa funci\u00f3n. Solo detalla en el art\u00edculo 4\u00ba el cambio de nomenclatura y que pasar\u00e1 a depender directamente del Jefe de Polic\u00eda.<\/p>\n<p>El real alcance de la reforma legal lo especific\u00f3 Roncaglia ante la comisi\u00f3n de Seguridad del Senado. La idea es aglutinar a todos los polic\u00edas que son abogados y que est\u00e1n desperdigados en otras \u00e1reas en una sola unidad que se encargue de la defensa de\u00a0 las intervenciones de los uniformados.<\/p>\n<p>Lo que se plantea es que \u201cel mismo Estado, la instituci\u00f3n (policial) pone un conjunto de abogados para estar atentos aquellas cuestiones donde intervengan polic\u00edas y tengan alg\u00fan inconveniente en esa funci\u00f3n. Un cuestionamiento una denuncia por apremios, por mal secuestro\u201d, grafic\u00f3 el funcionario.<\/p>\n<p>\u201cSi un detenido dice \u00abel polic\u00eda me peg\u00f3\u00bb que es un clich\u00e9 cl\u00e1sico para empiojar las causas, no digo que no pase, pero es un clich\u00e9 cl\u00e1sico, \u00bfqui\u00e9n defiende al polic\u00eda? Un privado. Desde mi punto de vista est\u00e1 mal\u201d, expres\u00f3 el Ministro durante la reuni\u00f3n, realizada el pasado mi\u00e9rcoles 6.<\/p>\n<p>Luego, puntualiz\u00f3: \u201cA los polic\u00edas abogados que han estudiado los queremos concentrar en esta divisi\u00f3n para no tener que contratar un (letrado) particular. Ahora: si fue a robar, que se embrome. Que consiga su abogado\u201d.<\/p>\n<p>\u201cPero el polic\u00eda que trabajando tiene un inconveniente (sic), que nosotros lo llamamos accidentes laborales, alguien lo tiene que defender\u201d, argument\u00f3. De lo contrario \u201clo dejamos solo\u201d teniendo\u00a0 que recurrir a un abogado \u201cparticular\u201d que se paga en parte con el fondo solidario que tiene la Polic\u00eda. \u201cYo considero que no est\u00e1 bien\u201d, expres\u00f3 Roncaglia, quien asisti\u00f3 al Senado acompa\u00f1ado del Jefe de Polic\u00eda, Comisario Claudio Gonz\u00e1lez.<\/p>\n<p>La medida, de instrumentarse, equivaldr\u00eda a que el Ministerio de Salud cree un \u00e1rea de abogados para defender al cuerpo m\u00e9dico y de enfermer\u00eda de las acusaciones de mala praxis que les pudieran recaer.<\/p>\n<p>Un antecedente cercano se registr\u00f3 durante la reforma constitucional de 2008. Los convencionales hab\u00edan votado una cl\u00e1usula por la cual el Estado pagar\u00eda el abogado de los funcionarios acusados de incumplimiento de funciones o de hechos de corrupci\u00f3n. Ante la gravedad de sus posibles derivaciones, ese tramo del art\u00edculo fu eliminado del texto final.<\/p>\n","protected":false},"excerpt":{"rendered":"<p>El proyecto de modificaci\u00f3n del Reglamento General de Polic\u00eda contempla la transformaci\u00f3n de la divisi\u00f3n \u201cAsesor\u00eda Letrada\u201d por la de \u201cAsuntos Jur\u00eddicos\u201d. Seg\u00fan explic\u00f3 en el Senado el ministro de Seguridad N\u00e9stor Roncaglia, esta dependencia defender\u00e1 a los agentes acusados de apremios y otras acciones ilegales. \u201cNosotros las llamamos accidentes laborales\u201d, expres\u00f3 el funcionario &nbsp; &nbsp; El texto que debate la Legislatura no especifica esa funci\u00f3n. Solo detalla en el art\u00edculo 4\u00ba el cambio de nomenclatura y que pasar\u00e1 a depender directamente del Jefe de Polic\u00eda. El real alcance de&#8230;<\/p>\n","protected":false},"author":3,"featured_media":122485,"comment_status":"closed","ping_status":"closed","sticky":false,"template":"","format":"standard","meta":[],"categories":[15],"tags":[],"_links":{"self":[{"href":"https:\/\/www.actualidadadiario.com\/index.php\/wp-json\/wp\/v2\/posts\/122484"}],"collection":[{"href":"https:\/\/www.actualidadadiario.com\/index.php\/wp-json\/wp\/v2\/posts"}],"about":[{"href":"https:\/\/www.actualidadadiario.com\/index.php\/wp-json\/wp\/v2\/types\/post"}],"author":[{"embeddable":true,"href":"https:\/\/www.actualidadadiario.com\/index.php\/wp-json\/wp\/v2\/users\/3"}],"replies":[{"embeddable":true,"href":"https:\/\/www.actualidadadiario.com\/index.php\/wp-json\/wp\/v2\/comments?post=122484"}],"version-history":[{"count":1,"href":"https:\/\/www.actualidadadiario.com\/index.php\/wp-json\/wp\/v2\/posts\/122484\/revisions"}],"predecessor-version":[{"id":122486,"href":"https:\/\/www.actualidadadiario.com\/index.php\/wp-json\/wp\/v2\/posts\/122484\/revisions\/122486"}],"wp:featuredmedia":[{"embeddable":true,"href":"https:\/\/www.actualidadadiario.com\/index.php\/wp-json\/wp\/v2\/media\/122485"}],"wp:attachment":[{"href":"https:\/\/www.actualidadadiario.com\/index.php\/wp-json\/wp\/v2\/media?parent=122484"}],"wp:term":[{"taxonomy":"category","embeddable":true,"href":"https:\/\/www.actualidadadiario.com\/index.php\/wp-json\/wp\/v2\/categories?post=122484"},{"taxonomy":"post_tag","embeddable":true,"href":"https:\/\/www.actualidadadiario.com\/index.php\/wp-json\/wp\/v2\/tags?post=122484"}],"curies":[{"name":"wp","href":"https:\/\/api.w.org\/{rel}","templated":true}]}}