{"id":122481,"date":"2024-11-08T11:25:54","date_gmt":"2024-11-08T14:25:54","guid":{"rendered":"https:\/\/www.actualidadadiario.com\/?p=122481"},"modified":"2024-11-08T11:25:54","modified_gmt":"2024-11-08T14:25:54","slug":"pagani-tildo-de-gravisimo-al-proyecto-para-evitar-el-adoctrinamiento","status":"publish","type":"post","link":"https:\/\/www.actualidadadiario.com\/index.php\/2024\/11\/08\/pagani-tildo-de-gravisimo-al-proyecto-para-evitar-el-adoctrinamiento\/","title":{"rendered":"Pagani tild\u00f3 de &#8220;grav\u00edsimo&#8221; al proyecto para &#8220;evitar el adoctrinamiento&#8221;"},"content":{"rendered":"<p style=\"text-align: center;\"><em><strong>El titular de Agmer se\u00f1al\u00f3 que la iniciativa que pretende cambiar la Ley de Educaci\u00f3n Provincial tiene una &#8220;magnitud institucional muy seria&#8221; y que est\u00e1 escrita con errores ortogr\u00e1ficos. Adem\u00e1s Pagani expres\u00f3 que &#8220;es muy confuso el proyecto pero nos preocupa el fondo y la gravedad de que haya una diputada que, en vez de ocuparse en c\u00f3mo generar mejores condiciones de vida para los entrerrianos, est\u00e1 pensando en estas cuestiones que demuestran una gran pobreza&#8221;<\/strong><\/em><\/p>\n<p>&nbsp;<\/p>\n<p>&nbsp;<\/p>\n<p>El Secretario General de la Asociaci\u00f3n Gremial del Magisterio de Entre R\u00edos (Agmer), Marcelo Pagani, fue consultado sobre su postura ante el proyecto que busca evitar el adoctrinamiento en las escuelas entrerrianas, lo calific\u00f3 como &#8220;grav\u00edsimo&#8221; y demostr\u00f3 que esta iniciativa responde a un clima de \u00e9poca.<\/p>\n<p>&#8220;Estas cuestiones bajan desde el gobierno nacional, de Javier Milei, como definiciones que sin duda abonan a estos planteos que llevan a cometer semejante error con una magnitud institucional muy seria y eso lo aseguran los diputados de la Provincia que llegan a la legislatura con la legitimidad que les da el voto de los ciudadanos&#8221;, expres\u00f3 Pagani al programa Cara y Ceca de la Radio de la UNER.<\/p>\n<p>Cabe destacar que el dirigente gremial dijo que se enter\u00f3 del proyecto por la prensa, se\u00f1al\u00f3 que est\u00e1 escrito con errores ortogr\u00e1ficos y cuestion\u00f3 la iniciativa: &#8220;\u00bfDe qu\u00e9 est\u00e1n preocupados? Adoctrinar es desde la perspectiva de la diputada porque lo que tenemos en Entre R\u00edos\u201d.<\/p>\n<p>&#8220;Todo el pa\u00eds es un dise\u00f1o curricular que emiten los gobiernos de turno, algunos duran a\u00f1os, otros se modifican y lo que van haciendo los docentes es ir al aula y ense\u00f1ar con la legitimidad del dise\u00f1o que le dio el Estado&#8221;, explic\u00f3 Pagani.<\/p>\n<p>&#8220;Es muy confuso el proyecto pero nos preocupa el fondo y la gravedad de que haya una diputada que, en vez de ocuparse en c\u00f3mo generar mejores condiciones de vida para los entrerrianos, est\u00e1 pensando en estas cuestiones que demuestran una gran pobreza y as\u00ed pretender modificar un art\u00edculo de la Ley de Educaci\u00f3n Provincial&#8221;.<\/p>\n<p>&nbsp;<\/p>\n<p><strong>Proyecto de cambios a la Ley de Educaci\u00f3n Provincial<\/strong><\/p>\n<p>Ingres\u00f3 a la C\u00e1mara de Diputados de la provincia un proyecto de ley que pretende modificar la Ley de Educaci\u00f3n Provincial, N\u00b0 9890. La iniciativa es autor\u00eda de la diputada Erica V\u00e1zquez (JxER) y tiene como objetivo evitar el adoctrinamiento de estudiantes en las escuelas entrerrianas.<\/p>\n<p>Para ello, propone cambiar el inciso b) del art\u00edculo 13 de la ley 9890 \u2013que expresa los fines y objetivos de la educaci\u00f3n entrerriana\u2013 incorpor\u00e1ndole el siguiente p\u00e1rrafo: \u201cQueda expresamente prohibido el adoctrinamiento en cualquiera de sus formas, siendo posible la sanci\u00f3n tanto del docente, directivo o funcionario que lo impartiera\u201d.<\/p>\n<p>A la vez, en el inciso d) del art\u00edculo 131 \u2013referido a las obligaciones de los docentes\u2013 propone introducir un concepto similar: \u201cQueda expresamente prohibido el adoctrinamiento en cualquiera de sus formas, en cualquier espacio dentro de la instituci\u00f3n educativa, dentro y fuera del horario escolar, as\u00ed como la exhibici\u00f3n y entrega de cualquier material, de cualquier \u00edndole, que busque el adoctrinamiento en cualquiera de sus formas\u201d.<\/p>\n<p>Por \u00faltimo, a\u00f1ade el texto \u201cno recibir ning\u00fan adoctrinamiento por parte de docentes, directivos y funcionarios\u201d en el inciso h) del art\u00edculo 133, que enumera los derechos de los estudiantes.<\/p>\n<p>\u201cEn los \u00faltimos a\u00f1os, a la decadencia educativa y el deterioro de nuestra situaci\u00f3n socioecon\u00f3mica, se le han sumado reiterados hechos que buscan adoctrinar a los alumnos, negando cualquier di\u00e1logo democr\u00e1tico, por parte de docentes, directivos y funcionarios que realizan un abuso de su autoridad\u201d, sostiene la legisladora en los fundamentos de la iniciativa.<\/p>\n<p>\u201cEste proyecto busca dar protecci\u00f3n a los ni\u00f1os, ni\u00f1as y adolescentes, frente a los intentos de perjudicar su libertad de expresi\u00f3n, torcer su decisi\u00f3n, o imponer a la fuerza determinados temas o agendas, o ideas partidarias\u201d, remarca tambi\u00e9n y expresa que \u201c la educaci\u00f3n debe ser equitativa, sin vicio alguno\u201d.<\/p>\n","protected":false},"excerpt":{"rendered":"<p>El titular de Agmer se\u00f1al\u00f3 que la iniciativa que pretende cambiar la Ley de Educaci\u00f3n Provincial tiene una &#8220;magnitud institucional muy seria&#8221; y que est\u00e1 escrita con errores ortogr\u00e1ficos. Adem\u00e1s Pagani expres\u00f3 que &#8220;es muy confuso el proyecto pero nos preocupa el fondo y la gravedad de que haya una diputada que, en vez de ocuparse en c\u00f3mo generar mejores condiciones de vida para los entrerrianos, est\u00e1 pensando en estas cuestiones que demuestran una gran pobreza&#8221; &nbsp; &nbsp; El Secretario General de la Asociaci\u00f3n Gremial del Magisterio de Entre R\u00edos&#8230;<\/p>\n","protected":false},"author":3,"featured_media":122482,"comment_status":"closed","ping_status":"closed","sticky":false,"template":"","format":"standard","meta":[],"categories":[15],"tags":[],"_links":{"self":[{"href":"https:\/\/www.actualidadadiario.com\/index.php\/wp-json\/wp\/v2\/posts\/122481"}],"collection":[{"href":"https:\/\/www.actualidadadiario.com\/index.php\/wp-json\/wp\/v2\/posts"}],"about":[{"href":"https:\/\/www.actualidadadiario.com\/index.php\/wp-json\/wp\/v2\/types\/post"}],"author":[{"embeddable":true,"href":"https:\/\/www.actualidadadiario.com\/index.php\/wp-json\/wp\/v2\/users\/3"}],"replies":[{"embeddable":true,"href":"https:\/\/www.actualidadadiario.com\/index.php\/wp-json\/wp\/v2\/comments?post=122481"}],"version-history":[{"count":1,"href":"https:\/\/www.actualidadadiario.com\/index.php\/wp-json\/wp\/v2\/posts\/122481\/revisions"}],"predecessor-version":[{"id":122483,"href":"https:\/\/www.actualidadadiario.com\/index.php\/wp-json\/wp\/v2\/posts\/122481\/revisions\/122483"}],"wp:featuredmedia":[{"embeddable":true,"href":"https:\/\/www.actualidadadiario.com\/index.php\/wp-json\/wp\/v2\/media\/122482"}],"wp:attachment":[{"href":"https:\/\/www.actualidadadiario.com\/index.php\/wp-json\/wp\/v2\/media?parent=122481"}],"wp:term":[{"taxonomy":"category","embeddable":true,"href":"https:\/\/www.actualidadadiario.com\/index.php\/wp-json\/wp\/v2\/categories?post=122481"},{"taxonomy":"post_tag","embeddable":true,"href":"https:\/\/www.actualidadadiario.com\/index.php\/wp-json\/wp\/v2\/tags?post=122481"}],"curies":[{"name":"wp","href":"https:\/\/api.w.org\/{rel}","templated":true}]}}