{"id":12248,"date":"2017-05-30T10:21:33","date_gmt":"2017-05-30T13:21:33","guid":{"rendered":"http:\/\/actualidadadiario.com\/site\/?p=12248"},"modified":"2017-05-30T10:21:33","modified_gmt":"2017-05-30T13:21:33","slug":"crean-una-base-unificada-de-informacion-de-los-empleados-publicos","status":"publish","type":"post","link":"https:\/\/www.actualidadadiario.com\/index.php\/2017\/05\/30\/crean-una-base-unificada-de-informacion-de-los-empleados-publicos\/","title":{"rendered":"Crean una base unificada de informaci\u00f3n de los empleados p\u00fablicos"},"content":{"rendered":"<p><em><strong>El Gobierno dispuso la creaci\u00f3n de una &#8220;Base integrada de informaci\u00f3n de empleo p\u00fablico y salarios en el sector p\u00fablico nacional&#8221;, que funcionar\u00e1 bajo la \u00f3rbita del Ministerio de Modernizaci\u00f3n, para &#8220;lograr una mejora en la gesti\u00f3n de los recursos humanos&#8221; del Estado<\/strong><\/em><\/p>\n<p>&nbsp;<\/p>\n<p>&nbsp;<\/p>\n<p>&nbsp;<\/p>\n<p>&nbsp;<\/p>\n<p>&nbsp;<\/p>\n<p>La medida fue adoptada a trav\u00e9s del decreto 365\/2017, publicado en el Bolet\u00edn Oficial, y se enmarca en un &#8220;plan integral de administraci\u00f3n de informaci\u00f3n salarial y de recursos humanos del personal que presta servicios en las Entidades y Jurisdicciones comprendidas en los incisos a) y b) del Art\u00edculo 8\u00b0 de la Ley N\u00b024.156 de Administraci\u00f3n Financiera y de los Sistemas de Control del Sector P\u00fablico Nacional&#8221;, seg\u00fan se explica en el art\u00edculo 1\u00b0 de la normativa.<\/p>\n<p>&nbsp;<\/p>\n<p>Estas &#8220;entidades y jurisdicciones&#8221; a las que hace menci\u00f3n la resoluci\u00f3n son la Administraci\u00f3n Nacional y las empresas y sociedades del Estado.<\/p>\n<p>&nbsp;<\/p>\n<p>A partir de ahora, tendr\u00e1n que &#8220;suministrar a la Secretar\u00eda de Empleo P\u00fablico del Ministerio de Modernizaci\u00f3n los datos de sus sistemas de liquidaci\u00f3n de haberes y de gesti\u00f3n de recursos humanos de acuerdo con la plataforma de informaci\u00f3n que se detalla en el Anexo I que forma parte del presente decreto en los plazos y modalidades que establezca la autoridad de aplicaci\u00f3n&#8221;.<\/p>\n<p>&nbsp;<\/p>\n<p>Los datos a elevar, seg\u00fan el anexo, son: identificaci\u00f3n personal; sexo, fecha de nacimiento y nacionalidad; sistema previsional y c\u00f3digo respectivo; obra social y n\u00famero de afiliaci\u00f3n; escalaf\u00f3n y situaci\u00f3n de revista; datos presupuestarios del cargo; modalidad de vinculaci\u00f3n al personal de gabinete; antig\u00fcedad en la Administraci\u00f3n P\u00fablica Nacional y antig\u00fcedad en otras entidades del sector p\u00fablico nacional, provincial, municipal, en cualquiera de los tres poderes.<\/p>\n<p>&nbsp;<\/p>\n<p>Tambi\u00e9n, antig\u00fcedad en el cargo o modalidad contractual de que se trate en cualquier jurisdicci\u00f3n; datos del grupo familiar a cargo; ganancias; otros empleadores; modalidad de la prestaci\u00f3n de trabajo (condiciones, jornada, horario y lugar de trabajo); domicilio laboral y nivel de estudios\/t\u00edtulo.<\/p>\n<p>&nbsp;<\/p>\n<p>Asimismo, la base de datos deber\u00e1 incluir entre otros \u00edtems a detallar la afiliaci\u00f3n sindical del empleado; licencia anual ordinaria no usufructuada; licencias m\u00e9dicas; ausencias injustificadas; r\u00e9gimen disciplinario, evaluaci\u00f3n de desempe\u00f1o y convenio colectivo aplicable.<\/p>\n<p>&nbsp;<\/p>\n<p>Respecto al salario, se deber\u00e1 informar retribuci\u00f3n del cargo; retribuciones que no hacen al cargo; complementos; asistencia social o subsidios que recibe el personal; pensi\u00f3n de Guerra para ex combatientes de Malvinas; sueldo anual complementario; contribuciones patronales; aportes personales; deducciones impuesto a las Ganancias; asignaciones familiares y embargos.<\/p>\n<p>&nbsp;<\/p>\n<p>De acuerdo al decreto publicado este lunes por el gobierno nacional, &#8220;la entrega de la informaci\u00f3n deber\u00e1 efectuarse conjuntamente con cada orden de pago referida al uso de los cr\u00e9ditos del Inciso 1 &#8211; Gastos en Personal del Presupuesto General de Gastos y Recursos de la Administraci\u00f3n P\u00fablica Nacional vigente que se remita al Ministerio de Hacienda&#8221;.<\/p>\n<p>&nbsp;<\/p>\n<p>Por otro lado, la normativa establece &#8220;un plazo de tres meses a fin de que las Entidades y Jurisdicciones remitan la informaci\u00f3n (&#8230;), para lo cual deber\u00e1n adoptar las previsiones y ejecutar las acciones necesarias que aseguren el efectivo cumplimiento del presente y las normas complementarias que oportunamente dicte la Autoridad de Aplicaci\u00f3n&#8221;, que ser\u00e1 el Ministerio de Modernizaci\u00f3n de la Naci\u00f3n a trav\u00e9s de la Secretar\u00eda de Empleo P\u00fablico.<\/p>\n<p>&nbsp;<\/p>\n<p>El titular de esa cartera, Andr\u00e9s Ibarra, defendi\u00f3 ayer el acuerdo paritario firmado con la Uni\u00f3n del Personal Civil de la Naci\u00f3n (UPCN), que prev\u00e9 un plus por productividad y presentismo cuestionado por la Asociaci\u00f3n de Trabajadores del Estado (ATE), el otro gremio del sector.<\/p>\n","protected":false},"excerpt":{"rendered":"<p>El Gobierno dispuso la creaci\u00f3n de una &#8220;Base integrada de informaci\u00f3n de empleo p\u00fablico y salarios en el sector p\u00fablico nacional&#8221;, que funcionar\u00e1 bajo la \u00f3rbita del Ministerio de Modernizaci\u00f3n, para &#8220;lograr una mejora en la gesti\u00f3n de los recursos humanos&#8221; del Estado &nbsp; &nbsp; &nbsp; &nbsp; &nbsp; La medida fue adoptada a trav\u00e9s del decreto 365\/2017, publicado en el Bolet\u00edn Oficial, y se enmarca en un &#8220;plan integral de administraci\u00f3n de informaci\u00f3n salarial y de recursos humanos del personal que presta servicios en las Entidades y Jurisdicciones comprendidas en&#8230;<\/p>\n","protected":false},"author":3,"featured_media":12249,"comment_status":"closed","ping_status":"closed","sticky":false,"template":"","format":"standard","meta":[],"categories":[9],"tags":[],"_links":{"self":[{"href":"https:\/\/www.actualidadadiario.com\/index.php\/wp-json\/wp\/v2\/posts\/12248"}],"collection":[{"href":"https:\/\/www.actualidadadiario.com\/index.php\/wp-json\/wp\/v2\/posts"}],"about":[{"href":"https:\/\/www.actualidadadiario.com\/index.php\/wp-json\/wp\/v2\/types\/post"}],"author":[{"embeddable":true,"href":"https:\/\/www.actualidadadiario.com\/index.php\/wp-json\/wp\/v2\/users\/3"}],"replies":[{"embeddable":true,"href":"https:\/\/www.actualidadadiario.com\/index.php\/wp-json\/wp\/v2\/comments?post=12248"}],"version-history":[{"count":1,"href":"https:\/\/www.actualidadadiario.com\/index.php\/wp-json\/wp\/v2\/posts\/12248\/revisions"}],"predecessor-version":[{"id":12250,"href":"https:\/\/www.actualidadadiario.com\/index.php\/wp-json\/wp\/v2\/posts\/12248\/revisions\/12250"}],"wp:featuredmedia":[{"embeddable":true,"href":"https:\/\/www.actualidadadiario.com\/index.php\/wp-json\/wp\/v2\/media\/12249"}],"wp:attachment":[{"href":"https:\/\/www.actualidadadiario.com\/index.php\/wp-json\/wp\/v2\/media?parent=12248"}],"wp:term":[{"taxonomy":"category","embeddable":true,"href":"https:\/\/www.actualidadadiario.com\/index.php\/wp-json\/wp\/v2\/categories?post=12248"},{"taxonomy":"post_tag","embeddable":true,"href":"https:\/\/www.actualidadadiario.com\/index.php\/wp-json\/wp\/v2\/tags?post=12248"}],"curies":[{"name":"wp","href":"https:\/\/api.w.org\/{rel}","templated":true}]}}