{"id":122474,"date":"2024-11-08T11:05:12","date_gmt":"2024-11-08T14:05:12","guid":{"rendered":"https:\/\/www.actualidadadiario.com\/?p=122474"},"modified":"2024-11-08T11:05:12","modified_gmt":"2024-11-08T14:05:12","slug":"urdinarrain-compite-por-ser-uno-de-los-pueblos-mas-lindos-del-mundo","status":"publish","type":"post","link":"https:\/\/www.actualidadadiario.com\/index.php\/2024\/11\/08\/urdinarrain-compite-por-ser-uno-de-los-pueblos-mas-lindos-del-mundo\/","title":{"rendered":"Urdinarrain compite por ser uno de los pueblos m\u00e1s lindos del mundo"},"content":{"rendered":"<p style=\"text-align: center;\"><em><strong>Un pintoresco pueblo entrerriano de 10 mil habitantes y que est\u00e1 ubicado a la vera del r\u00edo est\u00e1 organizando su propia fiesta cervecera alemana al mismo tiempo que compite en el concurso Best Tourism Villages con el objetivo de consagrarse como el pueblo m\u00e1s lindo del mundo<\/strong><\/em><\/p>\n<p>&nbsp;<\/p>\n<p>&nbsp;<\/p>\n<p>Se trata de Urdinarrain, en la provincia de Entre R\u00edos, que se fund\u00f3 en 1890 cuando pas\u00f3 el primer tren por la zona y que recibi\u00f3 el aporte cultural de inmigrantes alemanes, italianos, rusos, polacos, jud\u00edos y espa\u00f1oles, quienes llegaron desde Europa para trabajar en la zona.<\/p>\n<p>Aunque el tren dej\u00f3 de funcionar desde hace mucho tiempo, la estaci\u00f3n ferroviaria se conserv\u00f3 en perfecto estado y todav\u00eda puede ser visitada. El casco hist\u00f3rico tambi\u00e9n luce intacto y all\u00ed resaltan la pintoresca plaza principal y la capilla.<\/p>\n<p>A nivel turismo uno de los fuertes de Urdinarrain es su balneario Arenas Blancas, que est\u00e1 emplazado a la vera del R\u00edo Gualeguay y es una parada obligada para los turistas en este verano 2025 que se avecina.<\/p>\n<p>En la playa los turistas se pueden ba\u00f1ar en las aguas del r\u00edo y adem\u00e1s disfrutar de una tarde de picnic, caminar por la costa y la hermosa barranca que hay en el lugar. En la zona hay proveedur\u00eda y negocios que venden comida, por lo que est\u00e1 todo muy equipado.<\/p>\n<p>&nbsp;<\/p>\n<p><strong>C\u00f3mo es la fiesta de la cerveza de Urdinarrain <\/strong><\/p>\n<p>La Fiesta Regional de la Cerveza se realiza en Urdinarrain desde hace m\u00e1s de tres d\u00e9cadas con el objetivo de homenajear a los inmigrantes alemanes a trav\u00e9s de la gastronom\u00eda, la m\u00fasica y la danza.<\/p>\n<p>La organizaci\u00f3n est\u00e1 a cargo de la asociaci\u00f3n de Argentinos de Ascendencia Alemana de Urdinarrain y el festejo se realizar\u00e1 el viernes 8 y s\u00e1bado 9 de noviembre en el predio la estaci\u00f3n. Se podr\u00e1 conseguir cerveza alemana y gastronom\u00eda t\u00edpica del pa\u00eds teut\u00f3n como strudel.<\/p>\n","protected":false},"excerpt":{"rendered":"<p>Un pintoresco pueblo entrerriano de 10 mil habitantes y que est\u00e1 ubicado a la vera del r\u00edo est\u00e1 organizando su propia fiesta cervecera alemana al mismo tiempo que compite en el concurso Best Tourism Villages con el objetivo de consagrarse como el pueblo m\u00e1s lindo del mundo &nbsp; &nbsp; Se trata de Urdinarrain, en la provincia de Entre R\u00edos, que se fund\u00f3 en 1890 cuando pas\u00f3 el primer tren por la zona y que recibi\u00f3 el aporte cultural de inmigrantes alemanes, italianos, rusos, polacos, jud\u00edos y espa\u00f1oles, quienes llegaron desde&#8230;<\/p>\n","protected":false},"author":3,"featured_media":122475,"comment_status":"closed","ping_status":"closed","sticky":false,"template":"","format":"standard","meta":[],"categories":[15],"tags":[],"_links":{"self":[{"href":"https:\/\/www.actualidadadiario.com\/index.php\/wp-json\/wp\/v2\/posts\/122474"}],"collection":[{"href":"https:\/\/www.actualidadadiario.com\/index.php\/wp-json\/wp\/v2\/posts"}],"about":[{"href":"https:\/\/www.actualidadadiario.com\/index.php\/wp-json\/wp\/v2\/types\/post"}],"author":[{"embeddable":true,"href":"https:\/\/www.actualidadadiario.com\/index.php\/wp-json\/wp\/v2\/users\/3"}],"replies":[{"embeddable":true,"href":"https:\/\/www.actualidadadiario.com\/index.php\/wp-json\/wp\/v2\/comments?post=122474"}],"version-history":[{"count":1,"href":"https:\/\/www.actualidadadiario.com\/index.php\/wp-json\/wp\/v2\/posts\/122474\/revisions"}],"predecessor-version":[{"id":122476,"href":"https:\/\/www.actualidadadiario.com\/index.php\/wp-json\/wp\/v2\/posts\/122474\/revisions\/122476"}],"wp:featuredmedia":[{"embeddable":true,"href":"https:\/\/www.actualidadadiario.com\/index.php\/wp-json\/wp\/v2\/media\/122475"}],"wp:attachment":[{"href":"https:\/\/www.actualidadadiario.com\/index.php\/wp-json\/wp\/v2\/media?parent=122474"}],"wp:term":[{"taxonomy":"category","embeddable":true,"href":"https:\/\/www.actualidadadiario.com\/index.php\/wp-json\/wp\/v2\/categories?post=122474"},{"taxonomy":"post_tag","embeddable":true,"href":"https:\/\/www.actualidadadiario.com\/index.php\/wp-json\/wp\/v2\/tags?post=122474"}],"curies":[{"name":"wp","href":"https:\/\/api.w.org\/{rel}","templated":true}]}}