{"id":122463,"date":"2024-11-08T10:57:02","date_gmt":"2024-11-08T13:57:02","guid":{"rendered":"https:\/\/www.actualidadadiario.com\/?p=122463"},"modified":"2024-11-08T11:27:52","modified_gmt":"2024-11-08T14:27:52","slug":"el-consumo-de-energia-electrica-acumulado-cayo-3-en-entre-rios","status":"publish","type":"post","link":"https:\/\/www.actualidadadiario.com\/index.php\/2024\/11\/08\/el-consumo-de-energia-electrica-acumulado-cayo-3-en-entre-rios\/","title":{"rendered":"El consumo de energ\u00eda el\u00e9ctrica acumulado cay\u00f3 -3% en Entre R\u00edos"},"content":{"rendered":"<p style=\"text-align: center;\"><em><strong>As\u00ed lo exhibi\u00f3 un informe sobre consumo de energ\u00eda el\u00e9ctrica en la provincia de Entre R\u00edos que public\u00f3 el Consejo Empresario de Entre R\u00edos (CEER). Precis\u00f3 que \u201csi bien la variaci\u00f3n interanual, mes a mes, refleja un incremento en el consumo de energ\u00eda el\u00e9ctrica, el acumulado de enero a julio de 2024 respecto al mismo periodo de 2023, presenta una ca\u00edda del -3% en Entre R\u00edos o de 50.530 mW\/h\u201d. Lo mismo sucedi\u00f3 en Buenos Aires y Santa Fe, con una baja del -2,7% y -3,6% respetivamente&#8221;<\/strong><\/em><\/p>\n<p>&nbsp;<\/p>\n<p>&nbsp;<\/p>\n<p>Un informe sobre consumo de energ\u00eda el\u00e9ctrica en Entre R\u00edos que elabor\u00f3 el Instituto de Investigaciones Econ\u00f3micas y Sociales del Consejo Empresario de Entre R\u00edos (CEER) exhibi\u00f3 que \u201cen julio de 2024, el registro de consumo de energ\u00eda en la provincia de Entre R\u00edos fue de 334.826,41 megavatios por hora (mW\/h), lo cual signific\u00f3 un incremento del 4,2% respecto al mismo mes del a\u00f1o anterior, es decir, 13.606,35 mW\/h m\u00e1s\u201d.<\/p>\n<p>El informe de julio de 2024 a\u00f1adi\u00f3 que \u201cal desagregar por tipo de usuario, se observar\u00e1 un aumento para los Comerciales del 0,7% (de 109.266 mW\/ha 109.993 mW\/h), los Industriales de 2,4% (de 77.442 mW\/ha 79.291 mW\/h consumidos) y los usuarios residenciales el 8,2% (de 145.541 mW\/h, de 134.511 mW\/h) en igual periodo del a\u00f1o anterior\u201d.<\/p>\n<p>Tambi\u00e9n precis\u00f3 que \u201ccomparado con las provincias de la Regi\u00f3n Centro y Buenos Aires, tambi\u00e9n se produce un incremento generalizado de julio de 2024 respecto al mismo mes del a\u00f1o anterior\u201d y agreg\u00f3 que \u201cla variaci\u00f3n m\u00e1s significativa es de C\u00f3rdoba con 7,7% , seguido por Buenos Aires con 5% y Santa Fe un 3,7%\u201d.<\/p>\n<p>Desde el CEER se se\u00f1al\u00f3 que \u201csi bien la variaci\u00f3n interanual, mes a mes, refleja un incremento en el consumo de energ\u00eda el\u00e9ctrica, el acumulado de enero a julio de 2024 respecto al mismo periodo de 2023, presenta una ca\u00edda del -3% en Entre R\u00edos o de 50.530 mW\/h\u201d. No obstante indic\u00f3 que \u201clo mismo sucede en Buenos Aires y Santa Fe, con una baja del -2,7% y -3,6% respectivamente. Por su parte, C\u00f3rdoba refleja una variaci\u00f3n positiva de 0,5%\u201d.<\/p>\n<p>&nbsp;<\/p>\n<p><strong>Precios de la energ\u00eda<\/strong><\/p>\n<p>La Compa\u00f1\u00eda Administradora del Mercado El\u00e9ctrico SA (Cammesa) realiza un relevamiento del Precio Mon\u00f3mico y del Precio Medio Estacional. El primero refleja el costo de generaci\u00f3n m\u00e1s el costo de potencia y transporte por mW\/hy el otro, por su parte, representa el precio al que las distribuidoras adquieren la energ\u00eda el\u00e9ctrica por los conceptos de Energ\u00eda, Potencia y Transporte a Cammesa, el cual es preestablecido por distintas resoluciones.<\/p>\n<p>En el informe se remiti\u00f3 a un pie de p\u00e1gina que precis\u00f3 que aquel \u201cvalor surge a partir de un promedio ponderado estacional en relaci\u00f3n a los precios y demanda mensual estacionaria. Para una informaci\u00f3n m\u00e1s detallada respecto a los conceptos que se incorporan en cada precio relevante se recomienda leer las resoluciones de Cammesa\u201d.<\/p>\n<p>En cuanto al Precio Mon\u00f3mico el informe precis\u00f3 que \u201cse observa un aumento del 9%, pas\u00f3 de 86,6 a 94,4 d\u00f3lares en el \u00faltimo a\u00f1o. Por su parte, el Precio Medio Estacional tuvo un crecimiento de 27,4%, es decir, creci\u00f3 de 38,4 a 48,9 d\u00f3lares\u201d.<\/p>\n","protected":false},"excerpt":{"rendered":"<p>As\u00ed lo exhibi\u00f3 un informe sobre consumo de energ\u00eda el\u00e9ctrica en la provincia de Entre R\u00edos que public\u00f3 el Consejo Empresario de Entre R\u00edos (CEER). Precis\u00f3 que \u201csi bien la variaci\u00f3n interanual, mes a mes, refleja un incremento en el consumo de energ\u00eda el\u00e9ctrica, el acumulado de enero a julio de 2024 respecto al mismo periodo de 2023, presenta una ca\u00edda del -3% en Entre R\u00edos o de 50.530 mW\/h\u201d. Lo mismo sucedi\u00f3 en Buenos Aires y Santa Fe, con una baja del -2,7% y -3,6% respetivamente&#8221; &nbsp; &nbsp; Un&#8230;<\/p>\n","protected":false},"author":3,"featured_media":86085,"comment_status":"closed","ping_status":"closed","sticky":false,"template":"","format":"standard","meta":[],"categories":[9],"tags":[],"_links":{"self":[{"href":"https:\/\/www.actualidadadiario.com\/index.php\/wp-json\/wp\/v2\/posts\/122463"}],"collection":[{"href":"https:\/\/www.actualidadadiario.com\/index.php\/wp-json\/wp\/v2\/posts"}],"about":[{"href":"https:\/\/www.actualidadadiario.com\/index.php\/wp-json\/wp\/v2\/types\/post"}],"author":[{"embeddable":true,"href":"https:\/\/www.actualidadadiario.com\/index.php\/wp-json\/wp\/v2\/users\/3"}],"replies":[{"embeddable":true,"href":"https:\/\/www.actualidadadiario.com\/index.php\/wp-json\/wp\/v2\/comments?post=122463"}],"version-history":[{"count":1,"href":"https:\/\/www.actualidadadiario.com\/index.php\/wp-json\/wp\/v2\/posts\/122463\/revisions"}],"predecessor-version":[{"id":122464,"href":"https:\/\/www.actualidadadiario.com\/index.php\/wp-json\/wp\/v2\/posts\/122463\/revisions\/122464"}],"wp:featuredmedia":[{"embeddable":true,"href":"https:\/\/www.actualidadadiario.com\/index.php\/wp-json\/wp\/v2\/media\/86085"}],"wp:attachment":[{"href":"https:\/\/www.actualidadadiario.com\/index.php\/wp-json\/wp\/v2\/media?parent=122463"}],"wp:term":[{"taxonomy":"category","embeddable":true,"href":"https:\/\/www.actualidadadiario.com\/index.php\/wp-json\/wp\/v2\/categories?post=122463"},{"taxonomy":"post_tag","embeddable":true,"href":"https:\/\/www.actualidadadiario.com\/index.php\/wp-json\/wp\/v2\/tags?post=122463"}],"curies":[{"name":"wp","href":"https:\/\/api.w.org\/{rel}","templated":true}]}}