{"id":122451,"date":"2024-11-07T15:29:18","date_gmt":"2024-11-07T18:29:18","guid":{"rendered":"https:\/\/www.actualidadadiario.com\/?p=122451"},"modified":"2024-11-07T15:29:18","modified_gmt":"2024-11-07T18:29:18","slug":"dana-en-espana-registran-perdidas-de-816-millones-de-euros-en-la-agricultura","status":"publish","type":"post","link":"https:\/\/www.actualidadadiario.com\/index.php\/2024\/11\/07\/dana-en-espana-registran-perdidas-de-816-millones-de-euros-en-la-agricultura\/","title":{"rendered":"DANA en Espa\u00f1a: registran p\u00e9rdidas de 816 millones de euros en la agricultura"},"content":{"rendered":"<p style=\"text-align: center;\"><em><strong>En el primero de los casos, puede haber afectadas unas 172.000 hect\u00e1reas con mayor o menor intensidad, y en el segundo de cultivos ser\u00edan unas 50.000, seg\u00fan inform\u00f3 la organizaci\u00f3n en un comunicado<\/strong><\/em><\/p>\n<p>&nbsp;<\/p>\n<p>&nbsp;<\/p>\n<p>La Uni\u00f3 Llauradora i Ramadera, una organizaci\u00f3n agraria valenciana, ha realizado una estimaci\u00f3n inicial de las p\u00e9rdidas para el sector agrario por los efectos de la DANA en la Comunidad Valenciana. La entidad considera que las p\u00e9rdidas se acercan a los \u20ac816 millones. Los da\u00f1os son tanto estructurales como por impacto directo en cultivos y granjas.<\/p>\n<p>&nbsp;<\/p>\n<p><strong>DANA en Espa\u00f1a: registran p\u00e9rdidas de \u20ac816 millones en la agricultura valenciana<\/strong><\/p>\n<p>En el primero de los casos, puede haber afectadas unas 172.000 hect\u00e1reas con mayor o menor intensidad, y en el segundo de cultivos ser\u00edan unas 50.000 hect\u00e1reas, seg\u00fan ha informado la organizaci\u00f3n en un comunicado.<\/p>\n<p>Los cultivos con mayor afecci\u00f3n son los c\u00edtricos, caquis y las hortalizas, viveros y plantas ornamentales y en menor medida el vi\u00f1edo, donde puede haber unas p\u00e9rdidas superiores a los \u20ac300 millones.<\/p>\n<p>Otros cultivos como los almendros ya estaban recolectados y en otros a\u00fan no se hab\u00eda iniciado su siembra como son los cereales y otros herb\u00e1ceos.<\/p>\n<p>En las hect\u00e1reas de cultivo habr\u00e1 que comprobar la posible incidencia en las plantas y \u00e1rboles de la asfixia radicular de las zonas inundadas y de la capacidad de drenaje de los campos, a la hora de una valoraci\u00f3n m\u00e1s exhaustiva de los da\u00f1os.<\/p>\n<p>En cuanto a las explotaciones ganaderas se estima que han muerto cerca de 9.000 animales, adem\u00e1s de la desaparici\u00f3n de numerosas colmenas de apicultores por inundaci\u00f3n y arrastre de estas. Las p\u00e9rdidas cuantificadas por La Uni\u00f3 en todo este apartado ganadero son de m\u00e1s de cuatro millones de euros.<\/p>\n","protected":false},"excerpt":{"rendered":"<p>En el primero de los casos, puede haber afectadas unas 172.000 hect\u00e1reas con mayor o menor intensidad, y en el segundo de cultivos ser\u00edan unas 50.000, seg\u00fan inform\u00f3 la organizaci\u00f3n en un comunicado &nbsp; &nbsp; La Uni\u00f3 Llauradora i Ramadera, una organizaci\u00f3n agraria valenciana, ha realizado una estimaci\u00f3n inicial de las p\u00e9rdidas para el sector agrario por los efectos de la DANA en la Comunidad Valenciana. La entidad considera que las p\u00e9rdidas se acercan a los \u20ac816 millones. Los da\u00f1os son tanto estructurales como por impacto directo en cultivos y&#8230;<\/p>\n","protected":false},"author":3,"featured_media":122452,"comment_status":"closed","ping_status":"closed","sticky":false,"template":"","format":"standard","meta":[],"categories":[4],"tags":[],"_links":{"self":[{"href":"https:\/\/www.actualidadadiario.com\/index.php\/wp-json\/wp\/v2\/posts\/122451"}],"collection":[{"href":"https:\/\/www.actualidadadiario.com\/index.php\/wp-json\/wp\/v2\/posts"}],"about":[{"href":"https:\/\/www.actualidadadiario.com\/index.php\/wp-json\/wp\/v2\/types\/post"}],"author":[{"embeddable":true,"href":"https:\/\/www.actualidadadiario.com\/index.php\/wp-json\/wp\/v2\/users\/3"}],"replies":[{"embeddable":true,"href":"https:\/\/www.actualidadadiario.com\/index.php\/wp-json\/wp\/v2\/comments?post=122451"}],"version-history":[{"count":1,"href":"https:\/\/www.actualidadadiario.com\/index.php\/wp-json\/wp\/v2\/posts\/122451\/revisions"}],"predecessor-version":[{"id":122453,"href":"https:\/\/www.actualidadadiario.com\/index.php\/wp-json\/wp\/v2\/posts\/122451\/revisions\/122453"}],"wp:featuredmedia":[{"embeddable":true,"href":"https:\/\/www.actualidadadiario.com\/index.php\/wp-json\/wp\/v2\/media\/122452"}],"wp:attachment":[{"href":"https:\/\/www.actualidadadiario.com\/index.php\/wp-json\/wp\/v2\/media?parent=122451"}],"wp:term":[{"taxonomy":"category","embeddable":true,"href":"https:\/\/www.actualidadadiario.com\/index.php\/wp-json\/wp\/v2\/categories?post=122451"},{"taxonomy":"post_tag","embeddable":true,"href":"https:\/\/www.actualidadadiario.com\/index.php\/wp-json\/wp\/v2\/tags?post=122451"}],"curies":[{"name":"wp","href":"https:\/\/api.w.org\/{rel}","templated":true}]}}