{"id":12245,"date":"2017-05-30T10:20:40","date_gmt":"2017-05-30T13:20:40","guid":{"rendered":"http:\/\/actualidadadiario.com\/site\/?p=12245"},"modified":"2017-05-30T10:20:40","modified_gmt":"2017-05-30T13:20:40","slug":"carlotto-si-pudimos-con-videla-vamos-a-poder-con-macri","status":"publish","type":"post","link":"https:\/\/www.actualidadadiario.com\/index.php\/2017\/05\/30\/carlotto-si-pudimos-con-videla-vamos-a-poder-con-macri\/","title":{"rendered":"Carlotto: &#8220;Si pudimos con Videla, vamos a poder con Macri&#8221;"},"content":{"rendered":"<p><em><strong>En el marco de una visita a Tucum\u00e1n -donde se reuni\u00f3 con el gobernador de esa provincia, Juan Manzur- la presidenta de la asociaci\u00f3n Abuelas de Plaza de Mayo, Estela de Carlotto, cuestion\u00f3 la pol\u00edtica de Derechos Humanos del Gobierno y afirm\u00f3: &#8220;Si pudimos con (Jorge) Videla, vamos a poder con (Mauricio) Macri&#8221;<\/strong><\/em><\/p>\n<p>&nbsp;<\/p>\n<p>&nbsp;<\/p>\n<p>&nbsp;<\/p>\n<p>&nbsp;<\/p>\n<p>&nbsp;<\/p>\n<p>En declaraciones a Radio lv7 de Tucum\u00e1n, la titular de Abuelas de Plaza de Mayo calific\u00f3 de &#8220;bochorno&#8221; el desfile militar que organiz\u00f3 el Gobierno nacional por el 25 de Mayo y agreg\u00f3 que pese a que es cierto que los nuevos reclutas deben tener su reconocimiento, se les debe proveer &#8220;la educaci\u00f3n democr\u00e1tica necesaria&#8221;.<\/p>\n<p>&nbsp;<\/p>\n<p>En la Casa de Gobierno provincial, la referente nacional se reuni\u00f3 con el gobernador, Juan Manzur y luego fue homenajeada por la Legislatura de la Provincia con la medalla al m\u00e9rito &#8220;Dr. Bernardo de Monteagudo&#8221;.<\/p>\n<p>&nbsp;<\/p>\n<p>Tambi\u00e9n recibieron la condecoraci\u00f3n la vicepresidenta de la asociaci\u00f3n, Rosa de Roisinblit, la vocal, Delia Giovanola, y el exsecretario de Derechos Humanos de la provincia, Humberto Rava.<\/p>\n<p>&nbsp;<\/p>\n<p>Carlotto remarc\u00f3 que &#8220;cuando se quiso imponer el 2&#215;1 hubo una reacci\u00f3n social muy grande y tuvieron que dar marcha atr\u00e1s, con todo criterio&#8221;. Y subray\u00f3 que &#8220;no se puede permitir que lo que ya est\u00e1 escrito, hecho, probado y comprobado se borre de un plumazo y la historia se repita, porque cuando no se castiga un delito, el delito vuelve&#8221;.<\/p>\n<p>&nbsp;<\/p>\n<p>Seg\u00fan resalt\u00f3, a partir de la gesti\u00f3n de Cambiemos &#8220;se cerraron espacios de trabajo, donde las Abuelas&#8221; pod\u00edan &#8220;buscar se\u00f1ales o rastros&#8221; de los nietos &#8220;en el Ministerio de Defensa y en la Secretar\u00eda de Derechos Humanos&#8221;.<\/p>\n<p>&nbsp;<\/p>\n<p>En declaraciones a la prensa antes de ser distinguida por la Legislatura de Tucum\u00e1n, Carlotto se\u00f1al\u00f3: &#8220;En campa\u00f1a Macri nos llam\u00f3 curros, no nos quiso recibir porque dijo que no ten\u00eda tiempo y despu\u00e9s nos recibi\u00f3 forzosamente&#8221;.<\/p>\n<p>&nbsp;<\/p>\n<p>&#8220;El gobierno actual est\u00e1 en contra de lo que nosotros hemos construido, a\u00fan durante la dictadura. Porque empezamos a luchar buscando a nuestros hijos, corriendo riesgo de ser asesinadas o secuestradas, visitando a la gente que ten\u00eda el poder para contestarnos lo que nos negaban, \u00edbamos a la Plaza de Mayo para que los militares nos recibieran, o sea que luchamos desde entonces&#8221;, subray\u00f3.<\/p>\n","protected":false},"excerpt":{"rendered":"<p>En el marco de una visita a Tucum\u00e1n -donde se reuni\u00f3 con el gobernador de esa provincia, Juan Manzur- la presidenta de la asociaci\u00f3n Abuelas de Plaza de Mayo, Estela de Carlotto, cuestion\u00f3 la pol\u00edtica de Derechos Humanos del Gobierno y afirm\u00f3: &#8220;Si pudimos con (Jorge) Videla, vamos a poder con (Mauricio) Macri&#8221; &nbsp; &nbsp; &nbsp; &nbsp; &nbsp; En declaraciones a Radio lv7 de Tucum\u00e1n, la titular de Abuelas de Plaza de Mayo calific\u00f3 de &#8220;bochorno&#8221; el desfile militar que organiz\u00f3 el Gobierno nacional por el 25 de Mayo y&#8230;<\/p>\n","protected":false},"author":3,"featured_media":12246,"comment_status":"closed","ping_status":"closed","sticky":false,"template":"","format":"standard","meta":[],"categories":[9],"tags":[],"_links":{"self":[{"href":"https:\/\/www.actualidadadiario.com\/index.php\/wp-json\/wp\/v2\/posts\/12245"}],"collection":[{"href":"https:\/\/www.actualidadadiario.com\/index.php\/wp-json\/wp\/v2\/posts"}],"about":[{"href":"https:\/\/www.actualidadadiario.com\/index.php\/wp-json\/wp\/v2\/types\/post"}],"author":[{"embeddable":true,"href":"https:\/\/www.actualidadadiario.com\/index.php\/wp-json\/wp\/v2\/users\/3"}],"replies":[{"embeddable":true,"href":"https:\/\/www.actualidadadiario.com\/index.php\/wp-json\/wp\/v2\/comments?post=12245"}],"version-history":[{"count":1,"href":"https:\/\/www.actualidadadiario.com\/index.php\/wp-json\/wp\/v2\/posts\/12245\/revisions"}],"predecessor-version":[{"id":12247,"href":"https:\/\/www.actualidadadiario.com\/index.php\/wp-json\/wp\/v2\/posts\/12245\/revisions\/12247"}],"wp:featuredmedia":[{"embeddable":true,"href":"https:\/\/www.actualidadadiario.com\/index.php\/wp-json\/wp\/v2\/media\/12246"}],"wp:attachment":[{"href":"https:\/\/www.actualidadadiario.com\/index.php\/wp-json\/wp\/v2\/media?parent=12245"}],"wp:term":[{"taxonomy":"category","embeddable":true,"href":"https:\/\/www.actualidadadiario.com\/index.php\/wp-json\/wp\/v2\/categories?post=12245"},{"taxonomy":"post_tag","embeddable":true,"href":"https:\/\/www.actualidadadiario.com\/index.php\/wp-json\/wp\/v2\/tags?post=12245"}],"curies":[{"name":"wp","href":"https:\/\/api.w.org\/{rel}","templated":true}]}}