{"id":122440,"date":"2024-11-07T14:54:11","date_gmt":"2024-11-07T17:54:11","guid":{"rendered":"https:\/\/www.actualidadadiario.com\/?p=122440"},"modified":"2024-11-07T14:54:11","modified_gmt":"2024-11-07T17:54:11","slug":"la-oposicion-apura-al-gobierno-pide-una-sesion-para-el-martes-para-reformar-la-ley-de-dnu","status":"publish","type":"post","link":"https:\/\/www.actualidadadiario.com\/index.php\/2024\/11\/07\/la-oposicion-apura-al-gobierno-pide-una-sesion-para-el-martes-para-reformar-la-ley-de-dnu\/","title":{"rendered":"La oposici\u00f3n apura al Gobierno: pide una sesi\u00f3n para el martes para reformar la ley de DNU"},"content":{"rendered":"<p style=\"text-align: center;\"><em><strong>La ofensiva es liderada por el bloque Encuentro Federal, que junto a Uni\u00f3n por la Patria, Democracia para Siempre y Por Santa Cruz solicit\u00f3 la sesi\u00f3n para el martes a las 15 hs.<\/strong><\/em><\/p>\n<p>&nbsp;<\/p>\n<p>&nbsp;<\/p>\n<p>El bloque Encuentro Federal que preside Miguel Pichetto asumi\u00f3 un rol de liderazgo en la tarea de articular acuerdos y junto a Uni\u00f3n por la Patria, Democracia para Siempre y Por Santa Cruz pidi\u00f3 una sesi\u00f3n especial a fin de tratar la reforma que limita el poder de los decretos de necesidad y urgencia que dicta el presidente de la Naci\u00f3n.<\/p>\n<p>La sesi\u00f3n fue pedida para el pr\u00f3ximo martes a las 15 hs, seg\u00fan altas fuentes parlamentarias.<\/p>\n<p>Este sector de la oposici\u00f3n tiene cinco d\u00edas por delante para conseguir los votos que le faltan para alcanzar la mayor\u00eda agravada de 129 votos que exige la Constituci\u00f3n Nacional.<\/p>\n<p>\u201cEstamos trabajando en asegurarnos los votos\u201d, se\u00f1al\u00f3 a la Agencia Noticias Argentinas un influyente diputado nacional abocado a esa faena.<\/p>\n<p>Tanto las bancadas de la UCR como la de la Coalici\u00f3n C\u00edvica firmaron dict\u00e1menes en minor\u00eda m\u00e1s \u201csoft\u201d, que no establecen un plazo espec\u00edfico de vigencia de los DNU.<\/p>\n<p>El dictamen de mayor\u00eda, que recolect\u00f3 36 firmas en el plenario de Asuntos Constitucionales y Peticiones, Poderes y Reglamento, tiene como base el proyecto del diputado de Encuentro Federal Oscar Agost Carre\u00f1o.<\/p>\n<p>Seg\u00fan qued\u00f3 establecido en la letra de la norma, alcanzar\u00e1 con el rechazo de una sola c\u00e1mara para que un DNU quede derogado.<\/p>\n<p>De esta manera, se invierte la l\u00f3gica de la ley 26.122 sancionada en 2006 a instancias de la entonces senadora Cristina Kirchner, por la cual un decreto, para ser derogado por el Congreso, tiene que ser rechazado por ambas c\u00e1maras legislativas.<\/p>\n<p>Este es el com\u00fan denominador con los dict\u00e1menes de la Uni\u00f3n C\u00edvica Radical y la Coalici\u00f3n C\u00edvica.<\/p>\n<p>La diferencia es que la iniciativa consensuada entre las fuerzas que firmaron el dictamen de mayor\u00eda tambi\u00e9n establece un plazo de 90 d\u00edas corridos para que los decretos sean aprobados por ambas c\u00e1maras, y en caso de no cumplir con este plazo caduca su vigencia.<\/p>\n<p>Por otra parte, el dictamen de la mayor\u00eda prev\u00e9 que \u201ccuando los decretos a los que se refiere esta ley sean dictados durante el periodo de receso parlamentario las C\u00e1maras podr\u00e1n abocarse a su expreso e inmediato tratamiento conforme al art\u00edculo 99 inciso 3 de la Constituci\u00f3n Nacional\u201d.<\/p>\n<p>Por \u00faltimo, se estipula que &#8220;rechazado un decreto, el Poder Ejecutivo no podr\u00e1 dictar uno an\u00e1logo en el mismo per\u00edodo parlamentario\u201d.<\/p>\n","protected":false},"excerpt":{"rendered":"<p>La ofensiva es liderada por el bloque Encuentro Federal, que junto a Uni\u00f3n por la Patria, Democracia para Siempre y Por Santa Cruz solicit\u00f3 la sesi\u00f3n para el martes a las 15 hs. &nbsp; &nbsp; El bloque Encuentro Federal que preside Miguel Pichetto asumi\u00f3 un rol de liderazgo en la tarea de articular acuerdos y junto a Uni\u00f3n por la Patria, Democracia para Siempre y Por Santa Cruz pidi\u00f3 una sesi\u00f3n especial a fin de tratar la reforma que limita el poder de los decretos de necesidad y urgencia que&#8230;<\/p>\n","protected":false},"author":3,"featured_media":120667,"comment_status":"closed","ping_status":"closed","sticky":false,"template":"","format":"standard","meta":[],"categories":[18],"tags":[],"_links":{"self":[{"href":"https:\/\/www.actualidadadiario.com\/index.php\/wp-json\/wp\/v2\/posts\/122440"}],"collection":[{"href":"https:\/\/www.actualidadadiario.com\/index.php\/wp-json\/wp\/v2\/posts"}],"about":[{"href":"https:\/\/www.actualidadadiario.com\/index.php\/wp-json\/wp\/v2\/types\/post"}],"author":[{"embeddable":true,"href":"https:\/\/www.actualidadadiario.com\/index.php\/wp-json\/wp\/v2\/users\/3"}],"replies":[{"embeddable":true,"href":"https:\/\/www.actualidadadiario.com\/index.php\/wp-json\/wp\/v2\/comments?post=122440"}],"version-history":[{"count":1,"href":"https:\/\/www.actualidadadiario.com\/index.php\/wp-json\/wp\/v2\/posts\/122440\/revisions"}],"predecessor-version":[{"id":122441,"href":"https:\/\/www.actualidadadiario.com\/index.php\/wp-json\/wp\/v2\/posts\/122440\/revisions\/122441"}],"wp:featuredmedia":[{"embeddable":true,"href":"https:\/\/www.actualidadadiario.com\/index.php\/wp-json\/wp\/v2\/media\/120667"}],"wp:attachment":[{"href":"https:\/\/www.actualidadadiario.com\/index.php\/wp-json\/wp\/v2\/media?parent=122440"}],"wp:term":[{"taxonomy":"category","embeddable":true,"href":"https:\/\/www.actualidadadiario.com\/index.php\/wp-json\/wp\/v2\/categories?post=122440"},{"taxonomy":"post_tag","embeddable":true,"href":"https:\/\/www.actualidadadiario.com\/index.php\/wp-json\/wp\/v2\/tags?post=122440"}],"curies":[{"name":"wp","href":"https:\/\/api.w.org\/{rel}","templated":true}]}}