{"id":122430,"date":"2024-11-07T14:51:00","date_gmt":"2024-11-07T17:51:00","guid":{"rendered":"https:\/\/www.actualidadadiario.com\/?p=122430"},"modified":"2024-11-07T14:51:00","modified_gmt":"2024-11-07T17:51:00","slug":"la-agn-anuncio-que-auditara-universidades-y-ministerios-de-milei","status":"publish","type":"post","link":"https:\/\/www.actualidadadiario.com\/index.php\/2024\/11\/07\/la-agn-anuncio-que-auditara-universidades-y-ministerios-de-milei\/","title":{"rendered":"La AGN anunci\u00f3 que auditar\u00e1 universidades y ministerios de Milei"},"content":{"rendered":"<p style=\"text-align: center;\"><em><strong>La AGN lo acord\u00f3 con la Comisi\u00f3n Parlamentaria Mixta Revisora de Cuentas el Programa de Acci\u00f3n Anual (PAA), para el 2025<\/strong><\/em><\/p>\n<p>&nbsp;<\/p>\n<p>&nbsp;<\/p>\n<p>La Auditor\u00eda General de la Naci\u00f3n (AGN) revisar\u00e1 las cuentas de las principales universidades del pa\u00eds, incluidas varias facultades de la Universidad de Buenos Aires (UBA), durante 2025. El anuncio fue formulado a \u00faltima hora del martes y parece una respuesta directa a los cuestionamientos del Gobierno Nacional sobre la supuesta falta de controles del presupuesto universitario. Tambi\u00e9n ser\u00e1n auditados ministerios y proyectos de la administraci\u00f3n de Javier Milei. Algo as\u00ed como \u201csi quieren auditar, auditemos todo\u201d.<\/p>\n<p>La AGN acord\u00f3 con la Comisi\u00f3n Parlamentaria Mixta Revisora de Cuentas el Programa de Acci\u00f3n Anual (PAA) para el a\u00f1o entrante, \u201cdando cumplimiento a lo establecido en la Constituci\u00f3n Nacional con relaci\u00f3n al control externo\u201d. Las auditor\u00edas se realizar\u00e1n en las universidades nacionales de C\u00f3rdoba; del Nordeste; en las facultades de Medicina, Econ\u00f3micas, Derecho y Psicolog\u00eda de la Universidad de Buenos Aires. El plan de trabajo incluye, tambi\u00e9n, \u201clos procesos de compras y contrataciones en universidades de Salta, La Plata, Cuyo y San Juan, as\u00ed como la gesti\u00f3n del bienestar estudiantil en instituciones como Tierra del Fuego, Ant\u00e1rtida e Islas del Atl\u00e1ntico Sur, Chilecito, Avellaneda y Patagonia San Juan Bosco\u201d.<\/p>\n<p>Las auditor\u00edas estar\u00e1n a cargo de un equipo especial todav\u00eda por crearse. \u201cSe estableci\u00f3 el compromiso de seguimiento y coordinaci\u00f3n en encuentros futuros entre la AGN y la Comisi\u00f3n Parlamentaria Mixta Revisora de Cuentas que reafirma el compromiso con la rendici\u00f3n de cuentas\u201d.<\/p>\n<p>El PAA 2025 prev\u00e9 evaluar a \u201cla contraparte de las universidades\u201d; es decir, el organismo gubernamental que tiene asignada las cuestiones relacionadas con las casas de altos estudios, la Secretar\u00eda de Pol\u00edticas Universitarias. Ello \u2013precis\u00f3 el informe- \u201cpermitir\u00e1 conocer c\u00f3mo se asignan los recursos\u201d desde el presupuesto nacional.<\/p>\n<p>La AGN tambi\u00e9n anunci\u00f3 que auditar\u00e1 a organismos y planes del gobierno como \u201clas adquisiciones de equipamiento de defensa y seguridad, compras del Ministerio de Capital Humano sobre pol\u00edtica alimentaria, la gesti\u00f3n energ\u00e9tica de CAMMESA y \u00e1reas sujetas a privatizaci\u00f3n en l\u00ednea con la reciente Ley de Bases\u201d.<\/p>\n<p>La confecci\u00f3n del programa de acci\u00f3n surgi\u00f3 de una reuni\u00f3n de la que participaron el presidente de la AGN Juan Manuel Olmos y los auditores generales Francisco Javier Fern\u00e1ndez, Alejandro Nieva y la auditora general Graciela de la Rosa. Por parte de la Comisi\u00f3n estuvieron su presidente, Miguel \u00c1ngel Pichetto, y las autoridades Mariano Recalde, Juan Carlos Romero, \u00c1lvaro Gonz\u00e1lez, Luana Volnovich, Soledad Carrizo, Edgardo Kueider, Julio Moreno Ovalle, Guadalupe Tagliaferri. Tambi\u00e9n estuvieron los presidentes de diversas bancadas legislativas como el senador Jos\u00e9 Mayans, el diputado Germ\u00e1n Mart\u00ednez y la senadora Juliana Di Tulio.<\/p>\n","protected":false},"excerpt":{"rendered":"<p>La AGN lo acord\u00f3 con la Comisi\u00f3n Parlamentaria Mixta Revisora de Cuentas el Programa de Acci\u00f3n Anual (PAA), para el 2025 &nbsp; &nbsp; La Auditor\u00eda General de la Naci\u00f3n (AGN) revisar\u00e1 las cuentas de las principales universidades del pa\u00eds, incluidas varias facultades de la Universidad de Buenos Aires (UBA), durante 2025. El anuncio fue formulado a \u00faltima hora del martes y parece una respuesta directa a los cuestionamientos del Gobierno Nacional sobre la supuesta falta de controles del presupuesto universitario. Tambi\u00e9n ser\u00e1n auditados ministerios y proyectos de la administraci\u00f3n de&#8230;<\/p>\n","protected":false},"author":3,"featured_media":122431,"comment_status":"closed","ping_status":"closed","sticky":false,"template":"","format":"standard","meta":[],"categories":[18],"tags":[],"_links":{"self":[{"href":"https:\/\/www.actualidadadiario.com\/index.php\/wp-json\/wp\/v2\/posts\/122430"}],"collection":[{"href":"https:\/\/www.actualidadadiario.com\/index.php\/wp-json\/wp\/v2\/posts"}],"about":[{"href":"https:\/\/www.actualidadadiario.com\/index.php\/wp-json\/wp\/v2\/types\/post"}],"author":[{"embeddable":true,"href":"https:\/\/www.actualidadadiario.com\/index.php\/wp-json\/wp\/v2\/users\/3"}],"replies":[{"embeddable":true,"href":"https:\/\/www.actualidadadiario.com\/index.php\/wp-json\/wp\/v2\/comments?post=122430"}],"version-history":[{"count":1,"href":"https:\/\/www.actualidadadiario.com\/index.php\/wp-json\/wp\/v2\/posts\/122430\/revisions"}],"predecessor-version":[{"id":122432,"href":"https:\/\/www.actualidadadiario.com\/index.php\/wp-json\/wp\/v2\/posts\/122430\/revisions\/122432"}],"wp:featuredmedia":[{"embeddable":true,"href":"https:\/\/www.actualidadadiario.com\/index.php\/wp-json\/wp\/v2\/media\/122431"}],"wp:attachment":[{"href":"https:\/\/www.actualidadadiario.com\/index.php\/wp-json\/wp\/v2\/media?parent=122430"}],"wp:term":[{"taxonomy":"category","embeddable":true,"href":"https:\/\/www.actualidadadiario.com\/index.php\/wp-json\/wp\/v2\/categories?post=122430"},{"taxonomy":"post_tag","embeddable":true,"href":"https:\/\/www.actualidadadiario.com\/index.php\/wp-json\/wp\/v2\/tags?post=122430"}],"curies":[{"name":"wp","href":"https:\/\/api.w.org\/{rel}","templated":true}]}}